{"id":632,"date":"2021-12-28T11:56:43","date_gmt":"2021-12-28T16:56:43","guid":{"rendered":"https:\/\/www.actualidadambiental.pe\/mosaico-purus-manu\/?p=632"},"modified":"2022-03-04T08:48:09","modified_gmt":"2022-03-04T13:48:09","slug":"que-leyes-y-normas-protegen-el-mosaico-purus-manu","status":"publish","type":"post","link":"https:\/\/www.actualidadambiental.pe\/mosaico-purus-manu\/que-leyes-y-normas-protegen-el-mosaico-purus-manu\/","title":{"rendered":"\u00bfQu\u00e9 leyes y normas protegen el Mosaico Pur\u00fas &#8211; Manu?"},"content":{"rendered":"<p><div class=\"fusion-fullwidth fullwidth-box fusion-builder-row-1 fusion-flex-container fusion-parallax-fixed nonhundred-percent-fullwidth hundred-percent-height hundred-percent-height-center-content non-hundred-percent-height-scrolling\" style=\"--awb-border-radius-top-left:0px;--awb-border-radius-top-right:0px;--awb-border-radius-bottom-right:0px;--awb-border-radius-bottom-left:0px;--awb-background-image:url(&quot;https:\/\/www.actualidadambiental.pe\/mosaico-purus-manu\/wp-content\/uploads\/2021\/12\/mujeres-bebe-ucayali.jpg&quot;);--awb-background-size:cover;background-attachment:fixed;\" ><div class=\"fusion-builder-row fusion-row fusion-flex-align-items-flex-start\" style=\"max-width:1248px;margin-left: calc(-4% \/ 2 );margin-right: calc(-4% \/ 2 );\"><div class=\"fusion-layout-column fusion_builder_column fusion-builder-column-0 fusion_builder_column_1_1 1_1 fusion-flex-column\" style=\"--awb-bg-size:cover;--awb-width-large:100%;--awb-spacing-right-large:1.92%;--awb-spacing-left-large:1.92%;--awb-width-medium:100%;--awb-order-medium:0;--awb-spacing-right-medium:1.92%;--awb-spacing-left-medium:1.92%;--awb-width-small:100%;--awb-order-small:0;--awb-spacing-right-small:1.92%;--awb-spacing-left-small:1.92%;\"><div class=\"fusion-column-wrapper fusion-column-has-shadow fusion-flex-justify-content-flex-start fusion-content-layout-column\"><div class=\"fusion-separator fusion-full-width-sep\" style=\"align-self: center;margin-left: auto;margin-right: auto;margin-top:10%;width:100%;\"><\/div><div class=\"fusion-title title fusion-title-1 fusion-sep-none fusion-title-center fusion-title-text fusion-title-size-two\"><h2 class=\"title-heading-center fusion-responsive-typography-calculated\" style=\"margin:0;--fontSize:32;line-height:1.2;\">\u00bfQu\u00e9 leyes y normas protegen el Mosaico Pur\u00fas &#8211; Manu?<\/h2><\/div><div class=\"fusion-separator\" style=\"align-self: center;margin-left: auto;margin-right: auto;margin-top:30px;margin-bottom:40px;width:100%;max-width:20%;\"><div class=\"fusion-separator-border sep-single sep-solid\" style=\"border-color:#f1ebe1;border-top-width:10px;\"><\/div><\/div><\/div><\/div><\/div><\/div><div class=\"fusion-fullwidth fullwidth-box fusion-builder-row-2 fusion-flex-container nonhundred-percent-fullwidth non-hundred-percent-height-scrolling\" style=\"--awb-border-radius-top-left:0px;--awb-border-radius-top-right:0px;--awb-border-radius-bottom-right:0px;--awb-border-radius-bottom-left:0px;--awb-padding-right:30%;--awb-padding-left:30%;--awb-padding-right-small:10%;--awb-padding-left-small:10%;\" ><div class=\"fusion-builder-row fusion-row fusion-flex-align-items-flex-start\" style=\"max-width:1248px;margin-left: calc(-4% \/ 2 );margin-right: calc(-4% \/ 2 );\"><div class=\"fusion-layout-column fusion_builder_column fusion-builder-column-1 fusion_builder_column_1_1 1_1 fusion-flex-column\" style=\"--awb-bg-size:cover;--awb-width-large:100%;--awb-spacing-right-large:1.92%;--awb-spacing-left-large:1.92%;--awb-width-medium:100%;--awb-order-medium:0;--awb-spacing-right-medium:1.92%;--awb-spacing-left-medium:1.92%;--awb-width-small:100%;--awb-order-small:0;--awb-spacing-right-small:1.92%;--awb-spacing-left-small:1.92%;\"><div class=\"fusion-column-wrapper fusion-column-has-shadow fusion-flex-justify-content-flex-start fusion-content-layout-column\"><div class=\"fusion-separator fusion-full-width-sep\" style=\"align-self: center;margin-left: auto;margin-right: auto;margin-top:10px;margin-bottom:10px;width:100%;\"><\/div><div class=\"fusion-text fusion-text-1\" style=\"--awb-text-transform:none;--awb-margin-top:40px;\"><p>El cuidado y gesti\u00f3n de un espacio como el Mosaico Pur\u00fas &#8211; Manu requiere de una visi\u00f3n de desarrollo integral, normas claras dise\u00f1adas en base a informaci\u00f3n de campo, y la coordinaci\u00f3n permanente entre los organismos del Estado.<\/p>\n<p>Son diversas las normas cuya implementaci\u00f3n sirve para proteger este espacio. A continuaci\u00f3n presentamos las m\u00e1s recientes, que se enfocan principalmente en reducir amenazas y promover un desarrollo sostenible en el \u00e1mbito del mosaico.<\/p>\n<h3><strong>Conectividad y sostenibilidad: el reto del mosaico<\/strong><\/h3>\n<p>Uno de los principales avances en los \u00faltimos a\u00f1os fue la aprobaci\u00f3n del <a href=\"https:\/\/busquedas.elperuano.pe\/normaslegales\/decreto-supremo-que-establece-disposiciones-aplicables-a-los-decreto-supremo-n-005-2018-mtc-1621688-2\/\">Decreto Supremo 005-2018-MTC<\/a>, que establece que los proyectos de infraestructura vial respeten la normativa ambiental referida a la protecci\u00f3n de las \u00e1reas naturales protegidas y los territorios habitados por pueblos ind\u00edgenas en situaci\u00f3n de aislamiento y contacto inicial (PIACI).<\/p>\n<p>La norma tambi\u00e9n obliga al Ministerio de Transportes y Comunicaciones (MTC) actualizar o modificar el Clasificador de Rutas del Sistema Nacional de Carreteras (SINAC) para excluir a las v\u00edas que pasen por las \u00e1reas fr\u00e1giles ya mencionadas. La SPDA ha acompa\u00f1ado a Fenamad en la elaboraci\u00f3n de las diversas solicitudes asociadas con el Clasificador de Rutas del SINAC y la eliminaci\u00f3n de proyectos de rutas dentro de territorios de PIACI y ANP.<\/p>\n<\/div><div class=\"fusion-separator fusion-full-width-sep\" style=\"align-self: center;margin-left: auto;margin-right: auto;margin-top:10px;margin-bottom:10px;width:100%;\"><\/div><\/div><\/div><\/div><\/div><div class=\"fusion-fullwidth fullwidth-box fusion-builder-row-3 fusion-flex-container fusion-parallax-none hundred-percent-fullwidth hundred-percent-height hundred-percent-height-center-content non-hundred-percent-height-scrolling\" style=\"--awb-border-radius-top-left:0px;--awb-border-radius-top-right:0px;--awb-border-radius-bottom-right:0px;--awb-border-radius-bottom-left:0px;--awb-background-image:url(&quot;https:\/\/www.actualidadambiental.pe\/mosaico-purus-manu\/wp-content\/uploads\/2021\/12\/drone-playa-rio.jpg&quot;);--awb-background-size:cover;\" ><div class=\"fusion-builder-row fusion-row fusion-flex-align-items-flex-start\" style=\"width:104% !important;max-width:104% !important;margin-left: calc(-4% \/ 2 );margin-right: calc(-4% \/ 2 );\"><div class=\"fusion-layout-column fusion_builder_column fusion-builder-column-2 fusion_builder_column_1_1 1_1 fusion-flex-column\" style=\"--awb-bg-size:cover;--awb-width-large:100%;--awb-spacing-right-large:1.92%;--awb-spacing-left-large:1.92%;--awb-width-medium:100%;--awb-order-medium:0;--awb-spacing-right-medium:1.92%;--awb-spacing-left-medium:1.92%;--awb-width-small:100%;--awb-order-small:0;--awb-spacing-right-small:1.92%;--awb-spacing-left-small:1.92%;\"><div class=\"fusion-column-wrapper fusion-column-has-shadow fusion-flex-justify-content-flex-start fusion-content-layout-column\"><\/div><\/div><\/div><\/div><div class=\"fusion-fullwidth fullwidth-box fusion-builder-row-4 fusion-flex-container nonhundred-percent-fullwidth non-hundred-percent-height-scrolling\" style=\"--awb-border-radius-top-left:0px;--awb-border-radius-top-right:0px;--awb-border-radius-bottom-right:0px;--awb-border-radius-bottom-left:0px;--awb-padding-right:30%;--awb-padding-left:30%;--awb-padding-right-small:10%;--awb-padding-left-small:10%;\" ><div class=\"fusion-builder-row fusion-row fusion-flex-align-items-flex-start\" style=\"max-width:1248px;margin-left: calc(-4% \/ 2 );margin-right: calc(-4% \/ 2 );\"><div class=\"fusion-layout-column fusion_builder_column fusion-builder-column-3 fusion_builder_column_1_1 1_1 fusion-flex-column\" style=\"--awb-bg-size:cover;--awb-width-large:100%;--awb-spacing-right-large:1.92%;--awb-spacing-left-large:1.92%;--awb-width-medium:100%;--awb-order-medium:0;--awb-spacing-right-medium:1.92%;--awb-spacing-left-medium:1.92%;--awb-width-small:100%;--awb-order-small:0;--awb-spacing-right-small:1.92%;--awb-spacing-left-small:1.92%;\"><div class=\"fusion-column-wrapper fusion-column-has-shadow fusion-flex-justify-content-flex-start fusion-content-layout-column\"><div class=\"fusion-separator fusion-full-width-sep\" style=\"align-self: center;margin-left: auto;margin-right: auto;margin-top:10px;margin-bottom:10px;width:100%;\"><\/div><div class=\"fusion-text fusion-text-2\" style=\"--awb-text-transform:none;\"><p>La emisi\u00f3n de este <a href=\"https:\/\/www.actualidadambiental.pe\/decreto-obliga-mtc-excluir-vias-dentro-de-areas-protegidas-y-territorios-indigenas\/\" target=\"_blank\" rel=\"noopener\">decreto<\/a> es importante porque establece obligaciones claras a las entidades del Poder Ejecutivo y los gobiernos regionales y locales, respecto a la protecci\u00f3n de \u00e1reas protegidas y territorios ind\u00edgenas.<\/p>\n<p>Sin embargo, es indispensable complementar esta norma con otras que promuevan alternativas de conexi\u00f3n para provincias como Pur\u00fas, cuyos problemas generados por la desconexi\u00f3n que sufre son bastante conocidos. Por ello, la SPDA ha promovido el dise\u00f1o de normas que proponen y da impulso a alternativas sostenibles de conectividad y desarrollo. Es el caso de la <a href=\"https:\/\/busquedas.elperuano.pe\/normaslegales\/ley-que-declara-de-necesidad-publica-y-de-preferente-interes-ley-n-30574-1529748-1\/\" target=\"_blank\" rel=\"noopener\">Ley 30574<\/a>, que busca conectar Puerto Esperanza con el resto del pa\u00eds, utilizando la v\u00edas fluvial, terrestre y a\u00e9rea (si es preciso) que existen en Brasil, con el fin de llegar a I\u00f1apari (Madre de Dios). El 2021 se comprob\u00f3 que el primer tramo vial de esta ruta ya cuenta con opini\u00f3n favorable del Sernanp y se esperar\u00eda iniciar su construcci\u00f3n pronto, conectando Puerto Esperanza con la frontera de Brasil.<\/p>\n<\/div><div class=\"fusion-separator fusion-full-width-sep\" style=\"align-self: center;margin-left: auto;margin-right: auto;margin-top:10px;margin-bottom:10px;width:100%;\"><\/div><\/div><\/div><\/div><\/div><div class=\"fusion-fullwidth fullwidth-box fusion-builder-row-5 fusion-flex-container fusion-parallax-none hundred-percent-fullwidth hundred-percent-height hundred-percent-height-center-content non-hundred-percent-height-scrolling\" style=\"--awb-border-radius-top-left:0px;--awb-border-radius-top-right:0px;--awb-border-radius-bottom-right:0px;--awb-border-radius-bottom-left:0px;--awb-background-image:url(&quot;https:\/\/www.actualidadambiental.pe\/mosaico-purus-manu\/wp-content\/uploads\/2021\/12\/bebe-comida-pescado.jpg&quot;);--awb-background-size:cover;\" ><div class=\"fusion-builder-row fusion-row fusion-flex-align-items-flex-start\" style=\"width:104% !important;max-width:104% !important;margin-left: calc(-4% \/ 2 );margin-right: calc(-4% \/ 2 );\"><div class=\"fusion-layout-column fusion_builder_column fusion-builder-column-4 fusion_builder_column_1_1 1_1 fusion-flex-column\" style=\"--awb-bg-size:cover;--awb-width-large:100%;--awb-spacing-right-large:1.92%;--awb-spacing-left-large:1.92%;--awb-width-medium:100%;--awb-order-medium:0;--awb-spacing-right-medium:1.92%;--awb-spacing-left-medium:1.92%;--awb-width-small:100%;--awb-order-small:0;--awb-spacing-right-small:1.92%;--awb-spacing-left-small:1.92%;\"><div class=\"fusion-column-wrapper fusion-column-has-shadow fusion-flex-justify-content-flex-start fusion-content-layout-column\"><\/div><\/div><\/div><\/div><div class=\"fusion-fullwidth fullwidth-box fusion-builder-row-6 fusion-flex-container nonhundred-percent-fullwidth non-hundred-percent-height-scrolling\" style=\"--awb-border-radius-top-left:0px;--awb-border-radius-top-right:0px;--awb-border-radius-bottom-right:0px;--awb-border-radius-bottom-left:0px;--awb-padding-right:30%;--awb-padding-left:30%;--awb-padding-right-small:10%;--awb-padding-left-small:10%;\" ><div class=\"fusion-builder-row fusion-row fusion-flex-align-items-flex-start\" style=\"max-width:1248px;margin-left: calc(-4% \/ 2 );margin-right: calc(-4% \/ 2 );\"><div class=\"fusion-layout-column fusion_builder_column fusion-builder-column-5 fusion_builder_column_1_1 1_1 fusion-flex-column\" style=\"--awb-bg-size:cover;--awb-width-large:100%;--awb-spacing-right-large:1.92%;--awb-spacing-left-large:1.92%;--awb-width-medium:100%;--awb-order-medium:0;--awb-spacing-right-medium:1.92%;--awb-spacing-left-medium:1.92%;--awb-width-small:100%;--awb-order-small:0;--awb-spacing-right-small:1.92%;--awb-spacing-left-small:1.92%;\"><div class=\"fusion-column-wrapper fusion-column-has-shadow fusion-flex-justify-content-flex-start fusion-content-layout-column\"><div class=\"fusion-separator fusion-full-width-sep\" style=\"align-self: center;margin-left: auto;margin-right: auto;margin-top:10px;margin-bottom:10px;width:100%;\"><\/div><div class=\"fusion-text fusion-text-3\" style=\"--awb-text-transform:none;\"><p>En esa misma l\u00ednea el 2018, el Ministerio de Relaciones Exteriores emiti\u00f3 el\u00a0<a href=\"https:\/\/busquedas.elperuano.pe\/normaslegales\/decreto-supremo-que-establece-las-acciones-de-desarrollo-sos-decreto-supremo-n-005-2018-re-1628529-1\/\" target=\"_blank\" rel=\"noopener\">Decreto Supremo 005-2018-RE<\/a>, el cual establece\u00a0\u201cacciones de desarrollo sostenible e integraci\u00f3n para la atenci\u00f3n prioritaria de las \u00e1reas cr\u00edticas de frontera\u201d. Uno de los fines de esta <a href=\"https:\/\/www.actualidadambiental.pe\/gobierno-priorizara-desarrollo-sostenible-en-20-distritos-de-nuestras-fronteras\/\" target=\"_blank\" rel=\"noopener\">norma<\/a> es garantizar la conectividad y movilidad de la poblaci\u00f3n para solucionar la \u201cgrave situaci\u00f3n de aislamiento\u201d. Como resultado, se ha logrado establecer vuelos c\u00edvicos interdiarios para el traslado de la poblaci\u00f3n y comercio a Pucallpa.<\/p>\n<p>La norma tambi\u00e9n propone\u00a0implementar infraestructura b\u00e1sica sostenible y fortalecer los servicios del Estado para atender a la poblaci\u00f3n excluida que hasta ahora no cuenta con servicios b\u00e1sicos como agua, saneamiento, salud, educaci\u00f3n, electricidad y telecomunicaciones. Entre las provincias consideradas en esta norma se encuentra\u00a0<a href=\"https:\/\/www.actualidadambiental.pe\/?s=purus\" target=\"_blank\" rel=\"noopener\">Pur\u00fas (Ucayali)<\/a>. Resulta necesario reactivar las acciones priorizadas en este decreto, cuya implementaci\u00f3n fue detenida debido a la pandemia del COVID-19.<\/p>\n<h3><strong>Protecci\u00f3n de los pueblos ind\u00edgenas en aislamiento voluntario y contacto inicial<\/strong><\/h3>\n<p>Luego de la aprobaci\u00f3n del <a href=\"https:\/\/busquedas.elperuano.pe\/normaslegales\/decreto-legislativo-que-establece-el-regimen-sancionador-por-decreto-legislativo-n-1374-1680011-1\/\" target=\"_blank\" rel=\"noopener\">Decreto Legislativo 1374<\/a>, en el 2018, que establece el R\u00e9gimen Sancionador por Incumplimiento de las disposiciones de la Ley 28736 (Ley para la protecci\u00f3n de los PIACI), se aprob\u00f3 al a\u00f1o siguiente, mediante <a href=\"https:\/\/busquedas.elperuano.pe\/normaslegales\/reglamento-del-decreto-legislativo-n-1374-decreto-legislat-decreto-supremo-n-010-2019-mc-1795966-4\/\" target=\"_blank\" rel=\"noopener\">Decreto Supremo 010-2019-MC<\/a>, el reglamento de dicha norma.<\/p>\n<p>Con ello, el Ministerio de Cultura (Mincul) puede fiscalizar y sancionar, en los casos que se requiera, a quienes infrinjan la Ley 28736 y que est\u00e9n poniendo en riesgo a esta poblaci\u00f3n altamente vulnerable. Es importante mencionar que este <a href=\"https:\/\/www.actualidadambiental.pe\/mincul-podra-sancionar-a-quienes-pongan-en-riesgo-a-indigenas-en-aislamiento-o-contacto-inicial\/\" target=\"_blank\" rel=\"noopener\">reglamento<\/a> es el resultado del primer proceso de participaci\u00f3n ind\u00edgena implementado desde el Mincul.<\/p>\n<\/div><div class=\"fusion-separator fusion-full-width-sep\" style=\"align-self: center;margin-left: auto;margin-right: auto;margin-top:10px;margin-bottom:10px;width:100%;\"><\/div><\/div><\/div><\/div><\/div><div class=\"fusion-fullwidth fullwidth-box fusion-builder-row-7 fusion-flex-container hundred-percent-fullwidth non-hundred-percent-height-scrolling\" style=\"--awb-border-radius-top-left:0px;--awb-border-radius-top-right:0px;--awb-border-radius-bottom-right:0px;--awb-border-radius-bottom-left:0px;--awb-padding-right:20%;--awb-padding-left:20%;\" ><div class=\"fusion-builder-row fusion-row fusion-flex-align-items-flex-start\" style=\"width:104% !important;max-width:104% !important;margin-left: calc(-4% \/ 2 );margin-right: calc(-4% \/ 2 );\"><div class=\"fusion-layout-column fusion_builder_column fusion-builder-column-6 fusion_builder_column_1_1 1_1 fusion-flex-column\" style=\"--awb-bg-size:cover;--awb-width-large:100%;--awb-spacing-right-large:1.92%;--awb-spacing-left-large:1.92%;--awb-width-medium:100%;--awb-order-medium:0;--awb-spacing-right-medium:1.92%;--awb-spacing-left-medium:1.92%;--awb-width-small:100%;--awb-order-small:0;--awb-spacing-right-small:1.92%;--awb-spacing-left-small:1.92%;\"><div class=\"fusion-column-wrapper fusion-column-has-shadow fusion-flex-justify-content-flex-start fusion-content-layout-column\"><div class=\"fusion-image-element \"><span class=\" fusion-imageframe imageframe-none imageframe-1 hover-type-none\"><img decoding=\"async\" width=\"2560\" height=\"1621\" title=\"paisaje-bruma-manu\" src=\"https:\/\/www.actualidadambiental.pe\/mosaico-purus-manu\/wp-content\/uploads\/2021\/12\/paisaje-bruma-manu-scaled.jpg\" alt class=\"img-responsive wp-image-637\" srcset=\"https:\/\/www.actualidadambiental.pe\/mosaico-purus-manu\/wp-content\/uploads\/2021\/12\/paisaje-bruma-manu-200x127.jpg 200w, https:\/\/www.actualidadambiental.pe\/mosaico-purus-manu\/wp-content\/uploads\/2021\/12\/paisaje-bruma-manu-400x253.jpg 400w, https:\/\/www.actualidadambiental.pe\/mosaico-purus-manu\/wp-content\/uploads\/2021\/12\/paisaje-bruma-manu-600x380.jpg 600w, https:\/\/www.actualidadambiental.pe\/mosaico-purus-manu\/wp-content\/uploads\/2021\/12\/paisaje-bruma-manu-800x507.jpg 800w, https:\/\/www.actualidadambiental.pe\/mosaico-purus-manu\/wp-content\/uploads\/2021\/12\/paisaje-bruma-manu-1200x760.jpg 1200w, https:\/\/www.actualidadambiental.pe\/mosaico-purus-manu\/wp-content\/uploads\/2021\/12\/paisaje-bruma-manu-scaled.jpg 2560w\" sizes=\"(max-width: 640px) 100vw, 1200px\" \/><\/span><\/div><\/div><\/div><\/div><\/div><div class=\"fusion-fullwidth fullwidth-box fusion-builder-row-8 fusion-flex-container nonhundred-percent-fullwidth non-hundred-percent-height-scrolling\" style=\"--awb-border-radius-top-left:0px;--awb-border-radius-top-right:0px;--awb-border-radius-bottom-right:0px;--awb-border-radius-bottom-left:0px;--awb-padding-right:30%;--awb-padding-left:30%;--awb-padding-right-small:10%;--awb-padding-left-small:10%;\" ><div class=\"fusion-builder-row fusion-row fusion-flex-align-items-flex-start\" style=\"max-width:1248px;margin-left: calc(-4% \/ 2 );margin-right: calc(-4% \/ 2 );\"><div class=\"fusion-layout-column fusion_builder_column fusion-builder-column-7 fusion_builder_column_1_1 1_1 fusion-flex-column\" style=\"--awb-bg-size:cover;--awb-width-large:100%;--awb-spacing-right-large:1.92%;--awb-spacing-left-large:1.92%;--awb-width-medium:100%;--awb-order-medium:0;--awb-spacing-right-medium:1.92%;--awb-spacing-left-medium:1.92%;--awb-width-small:100%;--awb-order-small:0;--awb-spacing-right-small:1.92%;--awb-spacing-left-small:1.92%;\"><div class=\"fusion-column-wrapper fusion-column-has-shadow fusion-flex-justify-content-flex-start fusion-content-layout-column\"><div class=\"fusion-separator fusion-full-width-sep\" style=\"align-self: center;margin-left: auto;margin-right: auto;margin-top:10px;margin-bottom:10px;width:100%;\"><\/div><div class=\"fusion-text fusion-text-4\" style=\"--awb-text-transform:none;\"><p>Con el fin de seguir contribuyendo a fortalecer la protecci\u00f3n de los PIACI, el Mincul, con apoyo de la SPDA, desarroll\u00f3 un documento de an\u00e1lisis econ\u00f3mico de la estimaci\u00f3n de multas del r\u00e9gimen sancionador y los \u201cLineamientos para la aplicaci\u00f3n de la metodolog\u00eda para el c\u00e1lculo de multas a imponer por la comisi\u00f3n de infracciones por el incumplimiento de las disposiciones de la Ley 28736\u201d, aprobados mediante <a href=\"https:\/\/www.gob.pe\/institucion\/cultura\/normas-legales\/1300336-270-2020-dm-mc\" target=\"_blank\" rel=\"noopener\">Resoluci\u00f3n Ministerial 270-2020-DM\/MC<\/a>, el 28 de octubre de 2020.<\/p>\n<p>De esta manera, se ha fortalecido a las reservas ind\u00edgenas y a los PIACI que ah\u00ed habitan. Pero se sabe que en el mosaico tambi\u00e9n viven PIACI que no se encuentran dentro de una reserva ind\u00edgena o territorial. Por ello, se promovi\u00f3 y cre\u00f3 un Grupo de Trabajo Multisectorial encargado de proponer medidas de protecci\u00f3n de los derechos de los PIACI que habitan y se desplazan en \u00e1reas que no se encuentren comprendidas en reservas ind\u00edgenas y territoriales (Resoluci\u00f3n Ministerial 432-2018-MC).<\/p>\n<p><strong>Gesti\u00f3n de la biodiversidad y recursos<\/strong><\/p>\n<p>Con el fin de detener y enfrentar amenazas resulta indispensable fortalecer la gesti\u00f3n de las \u00e1reas naturales protegidas. Por ello, la SPDA contribuy\u00f3 al dise\u00f1o de normas que, inspiradas en las ANP del mosaico, buscaban dar mejores herramientas a las autoridades y a los aliados para la gesti\u00f3n de estos espacios protegidos.<\/p>\n<p>Una de estas normas es la <a href=\"https:\/\/www.gob.pe\/institucion\/sernanp\/normas-legales\/423068-rp-147-2018-sernanp\" target=\"_blank\" rel=\"noopener\">Resoluci\u00f3n Presidencial 147-2018-SERNANP<\/a>, que establece disposiciones complementarias al Decreto Supremo 007-2011-MINAM que modifica el Reglamento de la Ley de \u00c1reas Naturales Protegidas en materia de Contratos de Administraci\u00f3n en \u00c1reas Naturales Protegidas del Sistema Nacional de \u00c1reas Naturales Protegidas por el Estado (Sinanpe).<\/p>\n<p>Con esta norma se establece el marco normativo necesario para implementar la figura de los Contratos de Administraci\u00f3n en ANP y se fortalece as\u00ed la gesti\u00f3n participativa de las \u00e1reas. En el caso de Ejecutoras de Contratos de Administraci\u00f3n (ECA de Reservas Comunales), esta norma complementa el R\u00e9gimen Especial de Reservas Comunales.<\/p>\n<p>Por otro lado, en setiembre 2021, se aprob\u00f3 luego de varios a\u00f1os la <a href=\"https:\/\/www.gob.pe\/institucion\/sernanp\/normas-legales\/2174489-198-2021-sernanp\" target=\"_blank\" rel=\"noopener\">Resoluci\u00f3n Presidencial 198-2021-SERNANP,<\/a> que regula el aprovechamiento de los recursos forestales, flora y fauna silvestre en las \u00e1reas naturales protegidas del Sinanpe.<\/p>\n<\/div><div class=\"fusion-separator fusion-full-width-sep\" style=\"align-self: center;margin-left: auto;margin-right: auto;margin-top:90px;margin-bottom:10px;width:100%;\"><\/div><\/div><\/div><\/div><\/div><div class=\"fusion-fullwidth fullwidth-box fusion-builder-row-9 fusion-flex-container nonhundred-percent-fullwidth non-hundred-percent-height-scrolling\" style=\"--awb-border-radius-top-left:0px;--awb-border-radius-top-right:0px;--awb-border-radius-bottom-right:0px;--awb-border-radius-bottom-left:0px;\" ><div class=\"fusion-builder-row fusion-row fusion-flex-align-items-flex-start\" style=\"max-width:1248px;margin-left: calc(-4% \/ 2 );margin-right: calc(-4% \/ 2 );\"><div class=\"fusion-layout-column fusion_builder_column fusion-builder-column-8 fusion_builder_column_1_1 1_1 fusion-flex-column comentarios-facebook\" style=\"--awb-padding-left:20px;--awb-bg-size:cover;--awb-width-large:100%;--awb-spacing-right-large:1.92%;--awb-spacing-left-large:1.92%;--awb-width-medium:100%;--awb-order-medium:0;--awb-spacing-right-medium:1.92%;--awb-spacing-left-medium:1.92%;--awb-width-small:100%;--awb-order-small:0;--awb-spacing-right-small:1.92%;--awb-spacing-left-small:1.92%;\"><div class=\"fusion-column-wrapper fusion-column-has-shadow fusion-flex-justify-content-flex-start fusion-content-layout-column\"><div class=\"fusion-separator fusion-full-width-sep\" style=\"align-self: center;margin-left: auto;margin-right: auto;margin-top:20px;margin-bottom:20px;width:100%;\"><\/div><div class=\"fusion-text fusion-text-5\" style=\"--awb-font-size:22px;--awb-text-transform:none;--awb-text-color:#070706;--awb-text-font-family:&quot;Zilla Slab&quot;;--awb-text-font-style:normal;--awb-text-font-weight:400;\"><p>Comentar en Facebook<\/p>\n<\/div><\/div><\/div><\/div><\/div><\/p>\n","protected":false},"excerpt":{"rendered":"<p>Estaci\u00f3n biol\u00f3gica del Parque Nacional del Manu es un lugar privilegiado que alberga una enorme cantidad de especies de flora y fauna. <\/p>\n","protected":false},"author":1,"featured_media":636,"comment_status":"open","ping_status":"open","sticky":false,"template":"","format":"standard","meta":{"footnotes":""},"categories":[26,5],"tags":[],"class_list":["post-632","post","type-post","status-publish","format-standard","has-post-thumbnail","hentry","category-columna","category-notas"],"yoast_head":"<!-- This site is optimized with the Yoast SEO plugin v25.0 - https:\/\/yoast.com\/wordpress\/plugins\/seo\/ -->\n<title>\u00bfQu\u00e9 leyes y normas protegen el Mosaico Pur\u00fas - Manu? - PUR\u00daS MANU<\/title>\n<meta name=\"robots\" content=\"index, follow, max-snippet:-1, max-image-preview:large, max-video-preview:-1\" \/>\n<link rel=\"canonical\" href=\"https:\/\/www.actualidadambiental.pe\/mosaico-purus-manu\/que-leyes-y-normas-protegen-el-mosaico-purus-manu\/\" \/>\n<meta property=\"og:locale\" content=\"es_ES\" \/>\n<meta property=\"og:type\" content=\"article\" \/>\n<meta property=\"og:title\" content=\"\u00bfQu\u00e9 leyes y normas protegen el Mosaico Pur\u00fas - Manu? - PUR\u00daS MANU\" \/>\n<meta property=\"og:description\" content=\"Estaci\u00f3n biol\u00f3gica del Parque Nacional del Manu es un lugar privilegiado que alberga una enorme cantidad de especies de flora y fauna.\" \/>\n<meta property=\"og:url\" content=\"https:\/\/www.actualidadambiental.pe\/mosaico-purus-manu\/que-leyes-y-normas-protegen-el-mosaico-purus-manu\/\" \/>\n<meta property=\"og:site_name\" content=\"PUR\u00daS MANU\" \/>\n<meta property=\"article:published_time\" content=\"2021-12-28T16:56:43+00:00\" \/>\n<meta property=\"article:modified_time\" content=\"2022-03-04T13:48:09+00:00\" \/>\n<meta property=\"og:image\" content=\"https:\/\/www.actualidadambiental.pe\/mosaico-purus-manu\/wp-content\/uploads\/2021\/12\/mujeres-bebe-ucayali.jpg\" \/>\n\t<meta property=\"og:image:width\" content=\"1575\" \/>\n\t<meta property=\"og:image:height\" content=\"1000\" \/>\n\t<meta property=\"og:image:type\" content=\"image\/jpeg\" \/>\n<meta name=\"author\" content=\"reytuerto\" \/>\n<meta name=\"twitter:card\" content=\"summary_large_image\" \/>\n<meta name=\"twitter:label1\" content=\"Escrito por\" \/>\n\t<meta name=\"twitter:data1\" content=\"reytuerto\" \/>\n\t<meta name=\"twitter:label2\" content=\"Tiempo de lectura\" \/>\n\t<meta name=\"twitter:data2\" content=\"16 minutos\" \/>\n<script type=\"application\/ld+json\" class=\"yoast-schema-graph\">{\"@context\":\"https:\/\/schema.org\",\"@graph\":[{\"@type\":\"WebPage\",\"@id\":\"https:\/\/www.actualidadambiental.pe\/mosaico-purus-manu\/que-leyes-y-normas-protegen-el-mosaico-purus-manu\/\",\"url\":\"https:\/\/www.actualidadambiental.pe\/mosaico-purus-manu\/que-leyes-y-normas-protegen-el-mosaico-purus-manu\/\",\"name\":\"\u00bfQu\u00e9 leyes y normas protegen el Mosaico Pur\u00fas - Manu? - PUR\u00daS MANU\",\"isPartOf\":{\"@id\":\"https:\/\/www.actualidadambiental.pe\/mosaico-purus-manu\/#website\"},\"primaryImageOfPage\":{\"@id\":\"https:\/\/www.actualidadambiental.pe\/mosaico-purus-manu\/que-leyes-y-normas-protegen-el-mosaico-purus-manu\/#primaryimage\"},\"image\":{\"@id\":\"https:\/\/www.actualidadambiental.pe\/mosaico-purus-manu\/que-leyes-y-normas-protegen-el-mosaico-purus-manu\/#primaryimage\"},\"thumbnailUrl\":\"https:\/\/www.actualidadambiental.pe\/mosaico-purus-manu\/wp-content\/uploads\/2021\/12\/mujeres-bebe-ucayali.jpg\",\"datePublished\":\"2021-12-28T16:56:43+00:00\",\"dateModified\":\"2022-03-04T13:48:09+00:00\",\"author\":{\"@id\":\"https:\/\/www.actualidadambiental.pe\/mosaico-purus-manu\/#\/schema\/person\/2e25a6b3d0dff4063ebc64118d49150d\"},\"breadcrumb\":{\"@id\":\"https:\/\/www.actualidadambiental.pe\/mosaico-purus-manu\/que-leyes-y-normas-protegen-el-mosaico-purus-manu\/#breadcrumb\"},\"inLanguage\":\"es\",\"potentialAction\":[{\"@type\":\"ReadAction\",\"target\":[\"https:\/\/www.actualidadambiental.pe\/mosaico-purus-manu\/que-leyes-y-normas-protegen-el-mosaico-purus-manu\/\"]}]},{\"@type\":\"ImageObject\",\"inLanguage\":\"es\",\"@id\":\"https:\/\/www.actualidadambiental.pe\/mosaico-purus-manu\/que-leyes-y-normas-protegen-el-mosaico-purus-manu\/#primaryimage\",\"url\":\"https:\/\/www.actualidadambiental.pe\/mosaico-purus-manu\/wp-content\/uploads\/2021\/12\/mujeres-bebe-ucayali.jpg\",\"contentUrl\":\"https:\/\/www.actualidadambiental.pe\/mosaico-purus-manu\/wp-content\/uploads\/2021\/12\/mujeres-bebe-ucayali.jpg\",\"width\":1575,\"height\":1000},{\"@type\":\"BreadcrumbList\",\"@id\":\"https:\/\/www.actualidadambiental.pe\/mosaico-purus-manu\/que-leyes-y-normas-protegen-el-mosaico-purus-manu\/#breadcrumb\",\"itemListElement\":[{\"@type\":\"ListItem\",\"position\":1,\"name\":\"Portada\",\"item\":\"https:\/\/www.actualidadambiental.pe\/mosaico-purus-manu\/\"},{\"@type\":\"ListItem\",\"position\":2,\"name\":\"\u00bfQu\u00e9 leyes y normas protegen el Mosaico Pur\u00fas &#8211; Manu?\"}]},{\"@type\":\"WebSite\",\"@id\":\"https:\/\/www.actualidadambiental.pe\/mosaico-purus-manu\/#website\",\"url\":\"https:\/\/www.actualidadambiental.pe\/mosaico-purus-manu\/\",\"name\":\"PUR\u00daS MANU\",\"description\":\"Historias desde el coraz\u00f3n del mosaico\",\"potentialAction\":[{\"@type\":\"SearchAction\",\"target\":{\"@type\":\"EntryPoint\",\"urlTemplate\":\"https:\/\/www.actualidadambiental.pe\/mosaico-purus-manu\/?s={search_term_string}\"},\"query-input\":{\"@type\":\"PropertyValueSpecification\",\"valueRequired\":true,\"valueName\":\"search_term_string\"}}],\"inLanguage\":\"es\"},{\"@type\":\"Person\",\"@id\":\"https:\/\/www.actualidadambiental.pe\/mosaico-purus-manu\/#\/schema\/person\/2e25a6b3d0dff4063ebc64118d49150d\",\"name\":\"reytuerto\",\"image\":{\"@type\":\"ImageObject\",\"inLanguage\":\"es\",\"@id\":\"https:\/\/www.actualidadambiental.pe\/mosaico-purus-manu\/#\/schema\/person\/image\/\",\"url\":\"https:\/\/secure.gravatar.com\/avatar\/d45f728170068a3455dc4b3c054092458ca3ce19c9e42c5ac429d35997b917b5?s=96&d=mm&r=g\",\"contentUrl\":\"https:\/\/secure.gravatar.com\/avatar\/d45f728170068a3455dc4b3c054092458ca3ce19c9e42c5ac429d35997b917b5?s=96&d=mm&r=g\",\"caption\":\"reytuerto\"},\"sameAs\":[\"https:\/\/moderam.net\/revistaweb\"],\"url\":\"https:\/\/www.actualidadambiental.pe\/mosaico-purus-manu\/author\/reytuerto\/\"}]}<\/script>\n<!-- \/ Yoast SEO plugin. -->","yoast_head_json":{"title":"\u00bfQu\u00e9 leyes y normas protegen el Mosaico Pur\u00fas - Manu? - PUR\u00daS MANU","robots":{"index":"index","follow":"follow","max-snippet":"max-snippet:-1","max-image-preview":"max-image-preview:large","max-video-preview":"max-video-preview:-1"},"canonical":"https:\/\/www.actualidadambiental.pe\/mosaico-purus-manu\/que-leyes-y-normas-protegen-el-mosaico-purus-manu\/","og_locale":"es_ES","og_type":"article","og_title":"\u00bfQu\u00e9 leyes y normas protegen el Mosaico Pur\u00fas - Manu? - PUR\u00daS MANU","og_description":"Estaci\u00f3n biol\u00f3gica del Parque Nacional del Manu es un lugar privilegiado que alberga una enorme cantidad de especies de flora y fauna.","og_url":"https:\/\/www.actualidadambiental.pe\/mosaico-purus-manu\/que-leyes-y-normas-protegen-el-mosaico-purus-manu\/","og_site_name":"PUR\u00daS MANU","article_published_time":"2021-12-28T16:56:43+00:00","article_modified_time":"2022-03-04T13:48:09+00:00","og_image":[{"width":1575,"height":1000,"url":"https:\/\/www.actualidadambiental.pe\/mosaico-purus-manu\/wp-content\/uploads\/2021\/12\/mujeres-bebe-ucayali.jpg","type":"image\/jpeg"}],"author":"reytuerto","twitter_card":"summary_large_image","twitter_misc":{"Escrito por":"reytuerto","Tiempo de lectura":"16 minutos"},"schema":{"@context":"https:\/\/schema.org","@graph":[{"@type":"WebPage","@id":"https:\/\/www.actualidadambiental.pe\/mosaico-purus-manu\/que-leyes-y-normas-protegen-el-mosaico-purus-manu\/","url":"https:\/\/www.actualidadambiental.pe\/mosaico-purus-manu\/que-leyes-y-normas-protegen-el-mosaico-purus-manu\/","name":"\u00bfQu\u00e9 leyes y normas protegen el Mosaico Pur\u00fas - Manu? - PUR\u00daS MANU","isPartOf":{"@id":"https:\/\/www.actualidadambiental.pe\/mosaico-purus-manu\/#website"},"primaryImageOfPage":{"@id":"https:\/\/www.actualidadambiental.pe\/mosaico-purus-manu\/que-leyes-y-normas-protegen-el-mosaico-purus-manu\/#primaryimage"},"image":{"@id":"https:\/\/www.actualidadambiental.pe\/mosaico-purus-manu\/que-leyes-y-normas-protegen-el-mosaico-purus-manu\/#primaryimage"},"thumbnailUrl":"https:\/\/www.actualidadambiental.pe\/mosaico-purus-manu\/wp-content\/uploads\/2021\/12\/mujeres-bebe-ucayali.jpg","datePublished":"2021-12-28T16:56:43+00:00","dateModified":"2022-03-04T13:48:09+00:00","author":{"@id":"https:\/\/www.actualidadambiental.pe\/mosaico-purus-manu\/#\/schema\/person\/2e25a6b3d0dff4063ebc64118d49150d"},"breadcrumb":{"@id":"https:\/\/www.actualidadambiental.pe\/mosaico-purus-manu\/que-leyes-y-normas-protegen-el-mosaico-purus-manu\/#breadcrumb"},"inLanguage":"es","potentialAction":[{"@type":"ReadAction","target":["https:\/\/www.actualidadambiental.pe\/mosaico-purus-manu\/que-leyes-y-normas-protegen-el-mosaico-purus-manu\/"]}]},{"@type":"ImageObject","inLanguage":"es","@id":"https:\/\/www.actualidadambiental.pe\/mosaico-purus-manu\/que-leyes-y-normas-protegen-el-mosaico-purus-manu\/#primaryimage","url":"https:\/\/www.actualidadambiental.pe\/mosaico-purus-manu\/wp-content\/uploads\/2021\/12\/mujeres-bebe-ucayali.jpg","contentUrl":"https:\/\/www.actualidadambiental.pe\/mosaico-purus-manu\/wp-content\/uploads\/2021\/12\/mujeres-bebe-ucayali.jpg","width":1575,"height":1000},{"@type":"BreadcrumbList","@id":"https:\/\/www.actualidadambiental.pe\/mosaico-purus-manu\/que-leyes-y-normas-protegen-el-mosaico-purus-manu\/#breadcrumb","itemListElement":[{"@type":"ListItem","position":1,"name":"Portada","item":"https:\/\/www.actualidadambiental.pe\/mosaico-purus-manu\/"},{"@type":"ListItem","position":2,"name":"\u00bfQu\u00e9 leyes y normas protegen el Mosaico Pur\u00fas &#8211; Manu?"}]},{"@type":"WebSite","@id":"https:\/\/www.actualidadambiental.pe\/mosaico-purus-manu\/#website","url":"https:\/\/www.actualidadambiental.pe\/mosaico-purus-manu\/","name":"PUR\u00daS MANU","description":"Historias desde el coraz\u00f3n del mosaico","potentialAction":[{"@type":"SearchAction","target":{"@type":"EntryPoint","urlTemplate":"https:\/\/www.actualidadambiental.pe\/mosaico-purus-manu\/?s={search_term_string}"},"query-input":{"@type":"PropertyValueSpecification","valueRequired":true,"valueName":"search_term_string"}}],"inLanguage":"es"},{"@type":"Person","@id":"https:\/\/www.actualidadambiental.pe\/mosaico-purus-manu\/#\/schema\/person\/2e25a6b3d0dff4063ebc64118d49150d","name":"reytuerto","image":{"@type":"ImageObject","inLanguage":"es","@id":"https:\/\/www.actualidadambiental.pe\/mosaico-purus-manu\/#\/schema\/person\/image\/","url":"https:\/\/secure.gravatar.com\/avatar\/d45f728170068a3455dc4b3c054092458ca3ce19c9e42c5ac429d35997b917b5?s=96&d=mm&r=g","contentUrl":"https:\/\/secure.gravatar.com\/avatar\/d45f728170068a3455dc4b3c054092458ca3ce19c9e42c5ac429d35997b917b5?s=96&d=mm&r=g","caption":"reytuerto"},"sameAs":["https:\/\/moderam.net\/revistaweb"],"url":"https:\/\/www.actualidadambiental.pe\/mosaico-purus-manu\/author\/reytuerto\/"}]}},"_links":{"self":[{"href":"https:\/\/www.actualidadambiental.pe\/mosaico-purus-manu\/wp-json\/wp\/v2\/posts\/632","targetHints":{"allow":["GET"]}}],"collection":[{"href":"https:\/\/www.actualidadambiental.pe\/mosaico-purus-manu\/wp-json\/wp\/v2\/posts"}],"about":[{"href":"https:\/\/www.actualidadambiental.pe\/mosaico-purus-manu\/wp-json\/wp\/v2\/types\/post"}],"author":[{"embeddable":true,"href":"https:\/\/www.actualidadambiental.pe\/mosaico-purus-manu\/wp-json\/wp\/v2\/users\/1"}],"replies":[{"embeddable":true,"href":"https:\/\/www.actualidadambiental.pe\/mosaico-purus-manu\/wp-json\/wp\/v2\/comments?post=632"}],"version-history":[{"count":21,"href":"https:\/\/www.actualidadambiental.pe\/mosaico-purus-manu\/wp-json\/wp\/v2\/posts\/632\/revisions"}],"predecessor-version":[{"id":1114,"href":"https:\/\/www.actualidadambiental.pe\/mosaico-purus-manu\/wp-json\/wp\/v2\/posts\/632\/revisions\/1114"}],"wp:featuredmedia":[{"embeddable":true,"href":"https:\/\/www.actualidadambiental.pe\/mosaico-purus-manu\/wp-json\/wp\/v2\/media\/636"}],"wp:attachment":[{"href":"https:\/\/www.actualidadambiental.pe\/mosaico-purus-manu\/wp-json\/wp\/v2\/media?parent=632"}],"wp:term":[{"taxonomy":"category","embeddable":true,"href":"https:\/\/www.actualidadambiental.pe\/mosaico-purus-manu\/wp-json\/wp\/v2\/categories?post=632"},{"taxonomy":"post_tag","embeddable":true,"href":"https:\/\/www.actualidadambiental.pe\/mosaico-purus-manu\/wp-json\/wp\/v2\/tags?post=632"}],"curies":[{"name":"wp","href":"https:\/\/api.w.org\/{rel}","templated":true}]}}