{"id":618,"date":"2021-12-28T11:26:46","date_gmt":"2021-12-28T16:26:46","guid":{"rendered":"https:\/\/www.actualidadambiental.pe\/mosaico-purus-manu\/?p=618"},"modified":"2022-03-03T05:35:21","modified_gmt":"2022-03-03T10:35:21","slug":"purus-manu-donde-los-gigantes-se-encuentran","status":"publish","type":"post","link":"https:\/\/www.actualidadambiental.pe\/mosaico-purus-manu\/purus-manu-donde-los-gigantes-se-encuentran\/","title":{"rendered":"Opini\u00f3n <\/br>Pur\u00fas &#8211; Manu: donde los gigantes se encuentran"},"content":{"rendered":"<p><div class=\"fusion-fullwidth fullwidth-box fusion-builder-row-1 fusion-flex-container fusion-parallax-fixed hundred-percent-fullwidth hundred-percent-height hundred-percent-height-center-content non-hundred-percent-height-scrolling\" style=\"--awb-border-radius-top-left:0px;--awb-border-radius-top-right:0px;--awb-border-radius-bottom-right:0px;--awb-border-radius-bottom-left:0px;--awb-background-image:url(&quot;https:\/\/www.actualidadambiental.pe\/mosaico-purus-manu\/wp-content\/uploads\/2021\/12\/bebe-asheninka-yurua.jpg&quot;);--awb-background-size:cover;background-attachment:fixed;\" ><div class=\"fusion-builder-row fusion-row fusion-flex-align-items-flex-start\" style=\"width:104% !important;max-width:104% !important;margin-left: calc(-4% \/ 2 );margin-right: calc(-4% \/ 2 );\"><div class=\"fusion-layout-column fusion_builder_column fusion-builder-column-0 fusion_builder_column_3_5 3_5 fusion-flex-column fusion-flex-align-self-flex-end\" style=\"--awb-padding-left:5%;--awb-bg-size:cover;--awb-width-large:60%;--awb-spacing-right-large:3.2%;--awb-spacing-left-large:3.2%;--awb-width-medium:60%;--awb-order-medium:0;--awb-spacing-right-medium:3.2%;--awb-spacing-left-medium:3.2%;--awb-width-small:100%;--awb-order-small:0;--awb-spacing-right-small:1.92%;--awb-spacing-left-small:1.92%;\"><div class=\"fusion-column-wrapper fusion-column-has-shadow fusion-flex-justify-content-flex-end fusion-content-layout-column\"><div class=\"fusion-text fusion-text-1\" style=\"--awb-text-transform:none;\"><h1>Opini\u00f3n<br \/>\nPur\u00fas &#8211; Manu: donde los gigantes se encuentran<\/h1>\n<\/div><div class=\"fusion-text fusion-text-2\" style=\"--awb-text-transform:none;--awb-text-color:#ffffff;\"><p>Por: Silvana Baldovino, directora de Biodiversidad y Pueblos Ind\u00edgenas de la SPDA<\/p>\n<\/div><div class=\"fusion-separator fusion-full-width-sep\" style=\"align-self: center;margin-left: auto;margin-right: auto;margin-top:10%;margin-bottom:10%;width:100%;\"><\/div><\/div><\/div><\/div><\/div><div class=\"fusion-fullwidth fullwidth-box fusion-builder-row-2 fusion-flex-container nonhundred-percent-fullwidth non-hundred-percent-height-scrolling\" style=\"--awb-border-radius-top-left:0px;--awb-border-radius-top-right:0px;--awb-border-radius-bottom-right:0px;--awb-border-radius-bottom-left:0px;\" ><div class=\"fusion-builder-row fusion-row fusion-flex-align-items-flex-start\" style=\"max-width:1248px;margin-left: calc(-4% \/ 2 );margin-right: calc(-4% \/ 2 );\"><div class=\"fusion-layout-column fusion_builder_column fusion-builder-column-1 fusion_builder_column_1_1 1_1 fusion-flex-column\" style=\"--awb-bg-size:cover;--awb-width-large:100%;--awb-spacing-right-large:1.92%;--awb-spacing-left-large:1.92%;--awb-width-medium:100%;--awb-order-medium:0;--awb-spacing-right-medium:1.92%;--awb-spacing-left-medium:1.92%;--awb-width-small:100%;--awb-order-small:0;--awb-spacing-right-small:1.92%;--awb-spacing-left-small:1.92%;\"><div class=\"fusion-column-wrapper fusion-column-has-shadow fusion-flex-justify-content-flex-start fusion-content-layout-column\"><div class=\"fusion-separator fusion-full-width-sep\" style=\"align-self: center;margin-left: auto;margin-right: auto;margin-top:10px;margin-bottom:10px;width:100%;\"><\/div><\/div><\/div><\/div><\/div><div class=\"fusion-fullwidth fullwidth-box fusion-builder-row-3 fusion-flex-container nonhundred-percent-fullwidth non-hundred-percent-height-scrolling\" style=\"--awb-border-radius-top-left:0px;--awb-border-radius-top-right:0px;--awb-border-radius-bottom-right:0px;--awb-border-radius-bottom-left:0px;--awb-padding-right:30%;--awb-padding-left:30%;--awb-padding-right-small:10%;--awb-padding-left-small:10%;--awb-background-color:#ffffff;\" ><div class=\"fusion-builder-row fusion-row fusion-flex-align-items-flex-start\" style=\"max-width:1248px;margin-left: calc(-4% \/ 2 );margin-right: calc(-4% \/ 2 );\"><div class=\"fusion-layout-column fusion_builder_column fusion-builder-column-2 fusion_builder_column_1_1 1_1 fusion-flex-column\" style=\"--awb-bg-color:#ffffff;--awb-bg-size:cover;--awb-width-large:100%;--awb-spacing-right-large:1.92%;--awb-spacing-left-large:1.92%;--awb-width-medium:100%;--awb-order-medium:0;--awb-spacing-right-medium:1.92%;--awb-spacing-left-medium:1.92%;--awb-width-small:100%;--awb-order-small:0;--awb-spacing-right-small:1.92%;--awb-spacing-left-small:1.92%;\"><div class=\"fusion-column-wrapper fusion-column-has-shadow fusion-flex-justify-content-flex-start fusion-content-layout-column\"><div class=\"fusion-separator fusion-full-width-sep\" style=\"align-self: center;margin-left: auto;margin-right: auto;margin-top:10px;margin-bottom:10px;width:100%;\"><\/div><div class=\"fusion-text fusion-text-3\" style=\"--awb-text-transform:none;\"><p>Pur\u00fas &#8211; Manu es uno de los m\u00e1s grandes mosaicos de conservaci\u00f3n de la Amazon\u00eda, y uno de los espacios que evidencia la importancia de los pueblos ind\u00edgenas y su rol como actores principales para la protecci\u00f3n de nuestro patrimonio.<\/p>\n<p>Este lugar alberga m\u00e1s de 100 comunidades nativas y re\u00fane a un n\u00famero importante de pueblos ind\u00edgenas en aislamiento y contacto inicial (PIACI). Por ejemplo, el Parque Nacional Alto Pur\u00fas (ubicado Madre de Dios y Ucayali) es un \u00e1rea representativa del bosque h\u00famedo tropical; mientras que el Parque Nacional Manu (ubicado en Cusco y Madre de Dios) es una de las \u00e1reas m\u00e1s megadiversas del planeta, considerada patrimonio mundial. Y ambos espacios habitan los PIACI, la poblaci\u00f3n m\u00e1s vulnerable del pa\u00eds.<\/p>\n<p>Pero el mosaico es m\u00e1s que estos dos gigantes. A ellos se suman cuatro reservas para PIACI, y las reservas comunales Pur\u00fas y Amarakaeri, dos ejemplos de lo importante que es contar con una gesti\u00f3n participativa de los pueblos ind\u00edgenas en la conservaci\u00f3n del patrimonio natural.<\/p>\n<\/div><div class=\"fusion-separator fusion-full-width-sep\" style=\"align-self: center;margin-left: auto;margin-right: auto;margin-top:10px;margin-bottom:10px;width:100%;\"><\/div><\/div><\/div><\/div><\/div><div class=\"fusion-fullwidth fullwidth-box fusion-builder-row-4 fusion-flex-container nonhundred-percent-fullwidth non-hundred-percent-height-scrolling\" style=\"--awb-border-radius-top-left:0px;--awb-border-radius-top-right:0px;--awb-border-radius-bottom-right:0px;--awb-border-radius-bottom-left:0px;--awb-padding-right:20%;--awb-padding-left:20%;\" ><div class=\"fusion-builder-row fusion-row fusion-flex-align-items-flex-start\" style=\"max-width:1248px;margin-left: calc(-4% \/ 2 );margin-right: calc(-4% \/ 2 );\"><div class=\"fusion-layout-column fusion_builder_column fusion-builder-column-3 fusion_builder_column_1_1 1_1 fusion-flex-column\" style=\"--awb-bg-size:cover;--awb-width-large:100%;--awb-spacing-right-large:1.92%;--awb-spacing-left-large:1.92%;--awb-width-medium:100%;--awb-order-medium:0;--awb-spacing-right-medium:1.92%;--awb-spacing-left-medium:1.92%;--awb-width-small:100%;--awb-order-small:0;--awb-spacing-right-small:1.92%;--awb-spacing-left-small:1.92%;\"><div class=\"fusion-column-wrapper fusion-column-has-shadow fusion-flex-justify-content-flex-start fusion-content-layout-column\"><div class=\"fusion-image-element \"><span class=\" fusion-imageframe imageframe-none imageframe-1 hover-type-none\"><img decoding=\"async\" width=\"1500\" height=\"1000\" title=\"mujer-majaz-asheninka-yurua\" src=\"https:\/\/www.actualidadambiental.pe\/mosaico-purus-manu\/wp-content\/uploads\/2021\/12\/mujer-majaz-asheninka-yurua.jpg\" alt class=\"img-responsive wp-image-627\" srcset=\"https:\/\/www.actualidadambiental.pe\/mosaico-purus-manu\/wp-content\/uploads\/2021\/12\/mujer-majaz-asheninka-yurua-200x133.jpg 200w, https:\/\/www.actualidadambiental.pe\/mosaico-purus-manu\/wp-content\/uploads\/2021\/12\/mujer-majaz-asheninka-yurua-400x267.jpg 400w, https:\/\/www.actualidadambiental.pe\/mosaico-purus-manu\/wp-content\/uploads\/2021\/12\/mujer-majaz-asheninka-yurua-600x400.jpg 600w, https:\/\/www.actualidadambiental.pe\/mosaico-purus-manu\/wp-content\/uploads\/2021\/12\/mujer-majaz-asheninka-yurua-800x533.jpg 800w, https:\/\/www.actualidadambiental.pe\/mosaico-purus-manu\/wp-content\/uploads\/2021\/12\/mujer-majaz-asheninka-yurua-1200x800.jpg 1200w, https:\/\/www.actualidadambiental.pe\/mosaico-purus-manu\/wp-content\/uploads\/2021\/12\/mujer-majaz-asheninka-yurua.jpg 1500w\" sizes=\"(max-width: 640px) 100vw, 1200px\" \/><\/span><\/div><div class=\"fusion-text fusion-text-4\" style=\"--awb-font-size:16px;--awb-text-transform:none;--awb-margin-top:10px;--awb-text-font-family:Arial, Helvetica, sans-serif;--awb-text-font-style:normal;--awb-text-font-weight:400;\"><p>Cerca a la comunidad nativa Dulce Gloria (Ucayali), una mujer sostiene una cr\u00eda de majaz que cuida como a su beb\u00e9.<\/p>\n<\/div><div class=\"fusion-separator fusion-full-width-sep\" style=\"align-self: center;margin-left: auto;margin-right: auto;margin-top:10px;margin-bottom:10px;width:100%;\"><\/div><\/div><\/div><\/div><\/div><div class=\"fusion-fullwidth fullwidth-box fusion-builder-row-5 fusion-flex-container nonhundred-percent-fullwidth non-hundred-percent-height-scrolling\" style=\"--awb-border-radius-top-left:0px;--awb-border-radius-top-right:0px;--awb-border-radius-bottom-right:0px;--awb-border-radius-bottom-left:0px;--awb-padding-right:30%;--awb-padding-left:30%;--awb-padding-right-small:10%;--awb-padding-left-small:10%;\" ><div class=\"fusion-builder-row fusion-row fusion-flex-align-items-flex-start\" style=\"max-width:1248px;margin-left: calc(-4% \/ 2 );margin-right: calc(-4% \/ 2 );\"><div class=\"fusion-layout-column fusion_builder_column fusion-builder-column-4 fusion_builder_column_1_1 1_1 fusion-flex-column\" style=\"--awb-bg-size:cover;--awb-width-large:100%;--awb-spacing-right-large:1.92%;--awb-spacing-left-large:1.92%;--awb-width-medium:100%;--awb-order-medium:0;--awb-spacing-right-medium:1.92%;--awb-spacing-left-medium:1.92%;--awb-width-small:100%;--awb-order-small:0;--awb-spacing-right-small:1.92%;--awb-spacing-left-small:1.92%;\"><div class=\"fusion-column-wrapper fusion-column-has-shadow fusion-flex-justify-content-flex-start fusion-content-layout-column\"><div class=\"fusion-text fusion-text-5\" style=\"--awb-text-transform:none;--awb-margin-top:40px;\"><p>Sin embargo, un espacio tan grande, tan diverso y rico en recursos naturales se convierte lamentablemente en el blanco del accionar ilegal, como la siembra de coca, la tala o miner\u00eda ilegal, y sufre constantes riesgos por proyectos de infraestructura como carreteras sin la adecuada planificaci\u00f3n.<\/p>\n<p>Estas actividades no solo perjudican la biodiversidad del \u00e1rea, sino tambi\u00e9n ponen en riesgo la vida de los ind\u00edgenas en aislamiento y contacto inicial, de los cuales algunos se encuentran protegidos en reservas ind\u00edgenas o habitan en las \u00e1reas naturales protegidas del mosaico, pero otros a\u00fan no cuentan con un espacio donde puedan obtener los m\u00e1ximos niveles de protecci\u00f3n.<\/p>\n<p>Desde la SPDA, en coordinaci\u00f3n con la organizaciones ind\u00edgenas, el Ministerio de Cultura, el Sernanp, y nuestros socios San Diego Zoo Global y la Sociedad Zool\u00f3gica de Frankfurt, hemos dise\u00f1ado una serie de propuestas normativas que tienen como objetivo desarrollar herramientas legales para una mejor planificaci\u00f3n, control y fiscalizaci\u00f3n, y una promoci\u00f3n de desarrollo basada en las caracter\u00edsticas de una zona de alto valor de biodiversidad y cultural. Por ejemplo, se han generado las herramientas para que el Ministerio de Cultura pueda multar a quienes pongan en riesgo la vida de los PIACI en reservas ind\u00edgenas.<\/p>\n<\/div><div class=\"fusion-separator fusion-full-width-sep\" style=\"align-self: center;margin-left: auto;margin-right: auto;margin-top:10px;margin-bottom:10px;width:100%;\"><\/div><div class=\"fusion-text fusion-text-6\" style=\"--awb-font-size:44px;--awb-line-height:47px;--awb-text-transform:none;--awb-text-font-family:Georgia, serif;--awb-text-font-style:normal;--awb-text-font-weight:700;\"><p>Pur\u00fas &#8211; Manu es uno de los m\u00e1s grandes mosaicos de conservaci\u00f3n de la Amazon\u00eda, y uno de los espacios que evidencia la importancia de los pueblos ind\u00edgenas y su rol como actores principales para la protecci\u00f3n de nuestro patrimonio.<\/p>\n<\/div><div class=\"fusion-separator fusion-full-width-sep\" style=\"align-self: center;margin-left: auto;margin-right: auto;margin-top:10px;margin-bottom:10px;width:100%;\"><\/div><\/div><\/div><\/div><\/div><div class=\"fusion-fullwidth fullwidth-box fusion-builder-row-6 fusion-flex-container nonhundred-percent-fullwidth non-hundred-percent-height-scrolling\" style=\"--awb-border-radius-top-left:0px;--awb-border-radius-top-right:0px;--awb-border-radius-bottom-right:0px;--awb-border-radius-bottom-left:0px;--awb-padding-right:20%;--awb-padding-left:20%;\" ><div class=\"fusion-builder-row fusion-row fusion-flex-align-items-flex-start\" style=\"max-width:1248px;margin-left: calc(-4% \/ 2 );margin-right: calc(-4% \/ 2 );\"><div class=\"fusion-layout-column fusion_builder_column fusion-builder-column-5 fusion_builder_column_1_1 1_1 fusion-flex-column\" style=\"--awb-bg-size:cover;--awb-width-large:100%;--awb-spacing-right-large:1.92%;--awb-spacing-left-large:1.92%;--awb-width-medium:100%;--awb-order-medium:0;--awb-spacing-right-medium:1.92%;--awb-spacing-left-medium:1.92%;--awb-width-small:100%;--awb-order-small:0;--awb-spacing-right-small:1.92%;--awb-spacing-left-small:1.92%;\"><div class=\"fusion-column-wrapper fusion-column-has-shadow fusion-flex-justify-content-flex-start fusion-content-layout-column\"><div class=\"awb-gallery-wrapper awb-gallery-wrapper-1 button-span-no\"><div style=\"margin:-1px;--awb-bordersize:0px;\" class=\"fusion-gallery fusion-gallery-container fusion-grid-2 fusion-columns-total-2 fusion-gallery-layout-grid fusion-gallery-1\"><div style=\"padding:1px;\" class=\"fusion-grid-column fusion-gallery-column fusion-gallery-column-2 hover-type-none\"><div class=\"fusion-gallery-image\"><a href=\"https:\/\/www.actualidadambiental.pe\/mosaico-purus-manu\/wp-content\/uploads\/2021\/12\/serpiente-manu-scaledv2.jpg\" rel=\"noreferrer\" data-rel=\"iLightbox[gallery_image_1]\" class=\"fusion-lightbox\" target=\"_self\"><img decoding=\"async\" src=\"https:\/\/www.actualidadambiental.pe\/mosaico-purus-manu\/wp-content\/uploads\/2021\/12\/serpiente-manu-scaledv2.jpg\" width=\"2000\" height=\"1280\" alt=\"\" title=\"serpiente-manu-scaledv2\" aria-label=\"serpiente-manu-scaledv2\" class=\"img-responsive wp-image-1081\" srcset=\"https:\/\/www.actualidadambiental.pe\/mosaico-purus-manu\/wp-content\/uploads\/2021\/12\/serpiente-manu-scaledv2-200x128.jpg 200w, https:\/\/www.actualidadambiental.pe\/mosaico-purus-manu\/wp-content\/uploads\/2021\/12\/serpiente-manu-scaledv2-400x256.jpg 400w, https:\/\/www.actualidadambiental.pe\/mosaico-purus-manu\/wp-content\/uploads\/2021\/12\/serpiente-manu-scaledv2-600x384.jpg 600w, https:\/\/www.actualidadambiental.pe\/mosaico-purus-manu\/wp-content\/uploads\/2021\/12\/serpiente-manu-scaledv2-800x512.jpg 800w, https:\/\/www.actualidadambiental.pe\/mosaico-purus-manu\/wp-content\/uploads\/2021\/12\/serpiente-manu-scaledv2-1200x768.jpg 1200w, https:\/\/www.actualidadambiental.pe\/mosaico-purus-manu\/wp-content\/uploads\/2021\/12\/serpiente-manu-scaledv2.jpg 2000w\" sizes=\"(min-width: 2200px) 100vw, (min-width: 712px) 600px, (min-width: 640px) 712px, \" \/><\/a><\/div><\/div><div style=\"padding:1px;\" class=\"fusion-grid-column fusion-gallery-column fusion-gallery-column-2 hover-type-none\"><div class=\"fusion-gallery-image\"><a href=\"https:\/\/www.actualidadambiental.pe\/mosaico-purus-manu\/wp-content\/uploads\/2021\/12\/rana-bosque-manu-scaledv2.jpg\" rel=\"noreferrer\" data-rel=\"iLightbox[gallery_image_1]\" class=\"fusion-lightbox\" target=\"_self\"><img decoding=\"async\" src=\"https:\/\/www.actualidadambiental.pe\/mosaico-purus-manu\/wp-content\/uploads\/2021\/12\/rana-bosque-manu-scaledv2.jpg\" width=\"2000\" height=\"1280\" alt=\"\" title=\"rana-bosque-manu-scaledv2\" aria-label=\"rana-bosque-manu-scaledv2\" class=\"img-responsive wp-image-1082\" srcset=\"https:\/\/www.actualidadambiental.pe\/mosaico-purus-manu\/wp-content\/uploads\/2021\/12\/rana-bosque-manu-scaledv2-200x128.jpg 200w, https:\/\/www.actualidadambiental.pe\/mosaico-purus-manu\/wp-content\/uploads\/2021\/12\/rana-bosque-manu-scaledv2-400x256.jpg 400w, https:\/\/www.actualidadambiental.pe\/mosaico-purus-manu\/wp-content\/uploads\/2021\/12\/rana-bosque-manu-scaledv2-600x384.jpg 600w, https:\/\/www.actualidadambiental.pe\/mosaico-purus-manu\/wp-content\/uploads\/2021\/12\/rana-bosque-manu-scaledv2-800x512.jpg 800w, https:\/\/www.actualidadambiental.pe\/mosaico-purus-manu\/wp-content\/uploads\/2021\/12\/rana-bosque-manu-scaledv2-1200x768.jpg 1200w, https:\/\/www.actualidadambiental.pe\/mosaico-purus-manu\/wp-content\/uploads\/2021\/12\/rana-bosque-manu-scaledv2.jpg 2000w\" sizes=\"(min-width: 2200px) 100vw, (min-width: 712px) 600px, (min-width: 640px) 712px, \" \/><\/a><\/div><\/div><div class=\"clearfix\"><\/div><\/div><\/div><div class=\"fusion-text fusion-text-7\" style=\"--awb-font-size:16px;--awb-text-transform:none;--awb-margin-top:10px;--awb-text-font-family:Arial, Helvetica, sans-serif;--awb-text-font-style:normal;--awb-text-font-weight:400;\"><p>El mosaico Pur\u00fas &#8211; Manu est\u00e1 lleno de biodiversidad en todas sus formas, tama\u00f1os y colores.<\/p>\n<\/div><\/div><\/div><\/div><\/div><div class=\"fusion-fullwidth fullwidth-box fusion-builder-row-7 fusion-flex-container nonhundred-percent-fullwidth non-hundred-percent-height-scrolling\" style=\"--awb-border-radius-top-left:0px;--awb-border-radius-top-right:0px;--awb-border-radius-bottom-right:0px;--awb-border-radius-bottom-left:0px;--awb-padding-right:30%;--awb-padding-left:30%;--awb-padding-right-small:10%;--awb-padding-left-small:10%;\" ><div class=\"fusion-builder-row fusion-row fusion-flex-align-items-flex-start\" style=\"max-width:1248px;margin-left: calc(-4% \/ 2 );margin-right: calc(-4% \/ 2 );\"><div class=\"fusion-layout-column fusion_builder_column fusion-builder-column-6 fusion_builder_column_1_1 1_1 fusion-flex-column\" style=\"--awb-bg-size:cover;--awb-width-large:100%;--awb-spacing-right-large:1.92%;--awb-spacing-left-large:1.92%;--awb-width-medium:100%;--awb-order-medium:0;--awb-spacing-right-medium:1.92%;--awb-spacing-left-medium:1.92%;--awb-width-small:100%;--awb-order-small:0;--awb-spacing-right-small:1.92%;--awb-spacing-left-small:1.92%;\"><div class=\"fusion-column-wrapper fusion-column-has-shadow fusion-flex-justify-content-flex-start fusion-content-layout-column\"><div class=\"fusion-text fusion-text-8\" style=\"--awb-text-transform:none;\"><p>Asimismo, hemos trabajado para defender al mosaico de proyectos de infraestructura que pon\u00edan en riesgo a pueblos ind\u00edgenas y \u00e1reas naturales protegidas, proponiendo una serie de herramientas legales para brindar alternativas tanto de conexi\u00f3n como de desarrollo, siempre teniendo como base el bienestar y calidad de vida de las personas que se encuentran en estas zonas.<\/p>\n<p>As\u00ed, con m\u00e1s de ocho normas aprobadas, tambi\u00e9n hemos contribuido a fortalecer y mejorar la coordinaci\u00f3n entre los sectores del Estado y otros niveles de gobierno, sentando bases importantes para seguir generando una visi\u00f3n compartida sobre este importante mosaico.<\/p>\n<\/div><\/div><\/div><\/div><\/div><div class=\"fusion-fullwidth fullwidth-box fusion-builder-row-8 fusion-flex-container nonhundred-percent-fullwidth non-hundred-percent-height-scrolling\" style=\"--awb-border-radius-top-left:0px;--awb-border-radius-top-right:0px;--awb-border-radius-bottom-right:0px;--awb-border-radius-bottom-left:0px;--awb-padding-right:20%;--awb-padding-left:20%;\" ><div class=\"fusion-builder-row fusion-row fusion-flex-align-items-flex-start\" style=\"max-width:1248px;margin-left: calc(-4% \/ 2 );margin-right: calc(-4% \/ 2 );\"><div class=\"fusion-layout-column fusion_builder_column fusion-builder-column-7 fusion_builder_column_1_1 1_1 fusion-flex-column\" style=\"--awb-bg-size:cover;--awb-width-large:100%;--awb-spacing-right-large:1.92%;--awb-spacing-left-large:1.92%;--awb-width-medium:100%;--awb-order-medium:0;--awb-spacing-right-medium:1.92%;--awb-spacing-left-medium:1.92%;--awb-width-small:100%;--awb-order-small:0;--awb-spacing-right-small:1.92%;--awb-spacing-left-small:1.92%;\"><div class=\"fusion-column-wrapper fusion-column-has-shadow fusion-flex-justify-content-flex-start fusion-content-layout-column\"><div class=\"fusion-image-element \"><span class=\" fusion-imageframe imageframe-none imageframe-2 hover-type-none\"><img decoding=\"async\" width=\"2000\" height=\"1333\" title=\"pesca-yurua-alimento\" src=\"https:\/\/www.actualidadambiental.pe\/mosaico-purus-manu\/wp-content\/uploads\/2021\/12\/pesca-yurua-alimento.jpg\" alt class=\"img-responsive wp-image-1093\" srcset=\"https:\/\/www.actualidadambiental.pe\/mosaico-purus-manu\/wp-content\/uploads\/2021\/12\/pesca-yurua-alimento-200x133.jpg 200w, https:\/\/www.actualidadambiental.pe\/mosaico-purus-manu\/wp-content\/uploads\/2021\/12\/pesca-yurua-alimento-400x267.jpg 400w, https:\/\/www.actualidadambiental.pe\/mosaico-purus-manu\/wp-content\/uploads\/2021\/12\/pesca-yurua-alimento-600x400.jpg 600w, https:\/\/www.actualidadambiental.pe\/mosaico-purus-manu\/wp-content\/uploads\/2021\/12\/pesca-yurua-alimento-800x533.jpg 800w, https:\/\/www.actualidadambiental.pe\/mosaico-purus-manu\/wp-content\/uploads\/2021\/12\/pesca-yurua-alimento-1200x800.jpg 1200w, https:\/\/www.actualidadambiental.pe\/mosaico-purus-manu\/wp-content\/uploads\/2021\/12\/pesca-yurua-alimento.jpg 2000w\" sizes=\"(max-width: 640px) 100vw, 1200px\" \/><\/span><\/div><div class=\"fusion-text fusion-text-9\" style=\"--awb-font-size:16px;--awb-text-transform:none;--awb-margin-top:10px;--awb-text-font-family:Arial, Helvetica, sans-serif;--awb-text-font-style:normal;--awb-text-font-weight:400;\"><p>Un bosque y r\u00edos sanos significa comida para todos.<\/p>\n<\/div><div class=\"fusion-separator fusion-full-width-sep\" style=\"align-self: center;margin-left: auto;margin-right: auto;margin-top:10px;margin-bottom:10px;width:100%;\"><\/div><div class=\"fusion-image-element \"><span class=\" fusion-imageframe imageframe-none imageframe-3 hover-type-none\"><img decoding=\"async\" width=\"1500\" height=\"1000\" title=\"pesca-yurua\" src=\"https:\/\/www.actualidadambiental.pe\/mosaico-purus-manu\/wp-content\/uploads\/2021\/12\/pesca-yurua.jpg\" alt class=\"img-responsive wp-image-621\" srcset=\"https:\/\/www.actualidadambiental.pe\/mosaico-purus-manu\/wp-content\/uploads\/2021\/12\/pesca-yurua-200x133.jpg 200w, https:\/\/www.actualidadambiental.pe\/mosaico-purus-manu\/wp-content\/uploads\/2021\/12\/pesca-yurua-400x267.jpg 400w, https:\/\/www.actualidadambiental.pe\/mosaico-purus-manu\/wp-content\/uploads\/2021\/12\/pesca-yurua-600x400.jpg 600w, https:\/\/www.actualidadambiental.pe\/mosaico-purus-manu\/wp-content\/uploads\/2021\/12\/pesca-yurua-800x533.jpg 800w, https:\/\/www.actualidadambiental.pe\/mosaico-purus-manu\/wp-content\/uploads\/2021\/12\/pesca-yurua-1200x800.jpg 1200w, https:\/\/www.actualidadambiental.pe\/mosaico-purus-manu\/wp-content\/uploads\/2021\/12\/pesca-yurua.jpg 1500w\" sizes=\"(max-width: 640px) 100vw, 1200px\" \/><\/span><\/div><div class=\"fusion-text fusion-text-10\" style=\"--awb-font-size:16px;--awb-text-transform:none;--awb-margin-top:10px;--awb-text-font-family:Arial, Helvetica, sans-serif;--awb-text-font-style:normal;--awb-text-font-weight:400;\"><p>La pesca es la principal fuente de prote\u00edna en las comunidades nativas del mosaico.<\/p>\n<\/div><div class=\"fusion-separator fusion-full-width-sep\" style=\"align-self: center;margin-left: auto;margin-right: auto;margin-top:10px;margin-bottom:10px;width:100%;\"><\/div><\/div><\/div><\/div><\/div><div class=\"fusion-fullwidth fullwidth-box fusion-builder-row-9 fusion-flex-container nonhundred-percent-fullwidth non-hundred-percent-height-scrolling\" style=\"--awb-border-radius-top-left:0px;--awb-border-radius-top-right:0px;--awb-border-radius-bottom-right:0px;--awb-border-radius-bottom-left:0px;--awb-padding-right:30%;--awb-padding-left:30%;--awb-padding-right-small:10%;--awb-padding-left-small:10%;\" ><div class=\"fusion-builder-row fusion-row fusion-flex-align-items-flex-start\" style=\"max-width:1248px;margin-left: calc(-4% \/ 2 );margin-right: calc(-4% \/ 2 );\"><div class=\"fusion-layout-column fusion_builder_column fusion-builder-column-8 fusion_builder_column_1_1 1_1 fusion-flex-column\" style=\"--awb-bg-size:cover;--awb-width-large:100%;--awb-spacing-right-large:1.92%;--awb-spacing-left-large:1.92%;--awb-width-medium:100%;--awb-order-medium:0;--awb-spacing-right-medium:1.92%;--awb-spacing-left-medium:1.92%;--awb-width-small:100%;--awb-order-small:0;--awb-spacing-right-small:1.92%;--awb-spacing-left-small:1.92%;\"><div class=\"fusion-column-wrapper fusion-column-has-shadow fusion-flex-justify-content-flex-start fusion-content-layout-column\"><div class=\"fusion-text fusion-text-11\" style=\"--awb-text-transform:none;--awb-margin-top:40px;\"><p>Pero a\u00fan hay mucho camino por andar. Se necesita seguir generando y fortaleciendo los mecanismos de protecci\u00f3n; por ejemplo, mejorando el marco legal hacia una intangibilidad total de las reservas ind\u00edgenas. Otra meta es contar con un sistema de gesti\u00f3n para las reservas ind\u00edgenas y territoriales existentes, que con un enfoque intercultural y de respeto a sus modos de vida, evite y frene el ingreso de la ilegalidad a sus territorios. Un sistema con recursos humanos, t\u00e9cnicos y financieros que, de la mano con las comunidades y organizaciones ind\u00edgenas, brinde una protecci\u00f3n efectiva.<\/p>\n<p>La protecci\u00f3n y conservaci\u00f3n del Mosaico Pur\u00fas &#8211; Manu es una muestra clara de la necesidad de gestionar nuestros espacios, respetando la diversidad de actores con un enfoque de conservaci\u00f3n basado en derechos. Solo as\u00ed podremos lograr la gesti\u00f3n integral del territorio, evitando la conflictividad social y maximizando las oportunidades que nos presentan estos importantes espacios.<\/p>\n<\/div><div class=\"fusion-separator fusion-full-width-sep\" style=\"align-self: center;margin-left: auto;margin-right: auto;margin-top:10px;margin-bottom:10px;width:100%;\"><\/div><\/div><\/div><\/div><\/div><div class=\"fusion-fullwidth fullwidth-box fusion-builder-row-10 fusion-flex-container nonhundred-percent-fullwidth non-hundred-percent-height-scrolling\" style=\"--awb-border-radius-top-left:0px;--awb-border-radius-top-right:0px;--awb-border-radius-bottom-right:0px;--awb-border-radius-bottom-left:0px;--awb-padding-right:20%;--awb-padding-left:20%;\" ><div class=\"fusion-builder-row fusion-row fusion-flex-align-items-flex-start\" style=\"max-width:1248px;margin-left: calc(-4% \/ 2 );margin-right: calc(-4% \/ 2 );\"><div class=\"fusion-layout-column fusion_builder_column fusion-builder-column-9 fusion_builder_column_1_1 1_1 fusion-flex-column\" style=\"--awb-bg-size:cover;--awb-width-large:100%;--awb-spacing-right-large:1.92%;--awb-spacing-left-large:1.92%;--awb-width-medium:100%;--awb-order-medium:0;--awb-spacing-right-medium:1.92%;--awb-spacing-left-medium:1.92%;--awb-width-small:100%;--awb-order-small:0;--awb-spacing-right-small:1.92%;--awb-spacing-left-small:1.92%;\"><div class=\"fusion-column-wrapper fusion-column-has-shadow fusion-flex-justify-content-flex-start fusion-content-layout-column\"><div class=\"fusion-image-element \"><span class=\" fusion-imageframe imageframe-none imageframe-4 hover-type-none\"><img decoding=\"async\" width=\"2560\" height=\"1707\" title=\"luz-mari-yurua-2\" src=\"https:\/\/www.actualidadambiental.pe\/mosaico-purus-manu\/wp-content\/uploads\/2021\/12\/luz-mari-yurua-2-scaled.jpg\" alt class=\"img-responsive wp-image-625\" srcset=\"https:\/\/www.actualidadambiental.pe\/mosaico-purus-manu\/wp-content\/uploads\/2021\/12\/luz-mari-yurua-2-200x133.jpg 200w, https:\/\/www.actualidadambiental.pe\/mosaico-purus-manu\/wp-content\/uploads\/2021\/12\/luz-mari-yurua-2-400x267.jpg 400w, https:\/\/www.actualidadambiental.pe\/mosaico-purus-manu\/wp-content\/uploads\/2021\/12\/luz-mari-yurua-2-600x400.jpg 600w, https:\/\/www.actualidadambiental.pe\/mosaico-purus-manu\/wp-content\/uploads\/2021\/12\/luz-mari-yurua-2-800x533.jpg 800w, https:\/\/www.actualidadambiental.pe\/mosaico-purus-manu\/wp-content\/uploads\/2021\/12\/luz-mari-yurua-2-1200x800.jpg 1200w, https:\/\/www.actualidadambiental.pe\/mosaico-purus-manu\/wp-content\/uploads\/2021\/12\/luz-mari-yurua-2-scaled.jpg 2560w\" sizes=\"(max-width: 640px) 100vw, 1200px\" \/><\/span><\/div><div class=\"fusion-text fusion-text-12\" style=\"--awb-font-size:16px;--awb-text-transform:none;--awb-margin-top:10px;--awb-text-font-family:Arial, Helvetica, sans-serif;--awb-text-font-style:normal;--awb-text-font-weight:400;\"><p>Luz Mari se pinta la cara con achiote todas las ma\u00f1anas. Esa es la costumbre de los ash\u00e9ninkas que habitan en el sector Yur\u00faa (Ucayali).<\/p>\n<\/div><\/div><\/div><\/div><\/div><\/p>\n","protected":false},"excerpt":{"rendered":"","protected":false},"author":1,"featured_media":624,"comment_status":"open","ping_status":"open","sticky":false,"template":"","format":"standard","meta":{"footnotes":""},"categories":[6],"tags":[],"class_list":["post-618","post","type-post","status-publish","format-standard","has-post-thumbnail","hentry","category-editorial"],"yoast_head":"<!-- This site is optimized with the Yoast SEO plugin v25.0 - https:\/\/yoast.com\/wordpress\/plugins\/seo\/ -->\n<title>Opini\u00f3n Pur\u00fas - Manu: donde los gigantes se encuentran - PUR\u00daS MANU<\/title>\n<meta name=\"robots\" content=\"index, follow, max-snippet:-1, max-image-preview:large, max-video-preview:-1\" \/>\n<link rel=\"canonical\" href=\"https:\/\/www.actualidadambiental.pe\/mosaico-purus-manu\/purus-manu-donde-los-gigantes-se-encuentran\/\" \/>\n<meta property=\"og:locale\" content=\"es_ES\" \/>\n<meta property=\"og:type\" content=\"article\" \/>\n<meta property=\"og:title\" content=\"Opini\u00f3n Pur\u00fas - Manu: donde los gigantes se encuentran - PUR\u00daS MANU\" \/>\n<meta property=\"og:url\" content=\"https:\/\/www.actualidadambiental.pe\/mosaico-purus-manu\/purus-manu-donde-los-gigantes-se-encuentran\/\" \/>\n<meta property=\"og:site_name\" content=\"PUR\u00daS MANU\" \/>\n<meta property=\"article:published_time\" content=\"2021-12-28T16:26:46+00:00\" \/>\n<meta property=\"article:modified_time\" content=\"2022-03-03T10:35:21+00:00\" \/>\n<meta property=\"og:image\" content=\"https:\/\/www.actualidadambiental.pe\/mosaico-purus-manu\/wp-content\/uploads\/2021\/12\/bebe-asheninka-yurua.jpg\" \/>\n\t<meta property=\"og:image:width\" content=\"1500\" \/>\n\t<meta property=\"og:image:height\" content=\"1000\" \/>\n\t<meta property=\"og:image:type\" content=\"image\/jpeg\" \/>\n<meta name=\"author\" content=\"reytuerto\" \/>\n<meta name=\"twitter:card\" content=\"summary_large_image\" \/>\n<meta name=\"twitter:label1\" content=\"Escrito por\" \/>\n\t<meta name=\"twitter:data1\" content=\"reytuerto\" \/>\n\t<meta name=\"twitter:label2\" content=\"Tiempo de lectura\" \/>\n\t<meta name=\"twitter:data2\" content=\"44 minutos\" \/>\n<script type=\"application\/ld+json\" class=\"yoast-schema-graph\">{\"@context\":\"https:\/\/schema.org\",\"@graph\":[{\"@type\":\"WebPage\",\"@id\":\"https:\/\/www.actualidadambiental.pe\/mosaico-purus-manu\/purus-manu-donde-los-gigantes-se-encuentran\/\",\"url\":\"https:\/\/www.actualidadambiental.pe\/mosaico-purus-manu\/purus-manu-donde-los-gigantes-se-encuentran\/\",\"name\":\"Opini\u00f3n Pur\u00fas - Manu: donde los gigantes se encuentran - PUR\u00daS MANU\",\"isPartOf\":{\"@id\":\"https:\/\/www.actualidadambiental.pe\/mosaico-purus-manu\/#website\"},\"primaryImageOfPage\":{\"@id\":\"https:\/\/www.actualidadambiental.pe\/mosaico-purus-manu\/purus-manu-donde-los-gigantes-se-encuentran\/#primaryimage\"},\"image\":{\"@id\":\"https:\/\/www.actualidadambiental.pe\/mosaico-purus-manu\/purus-manu-donde-los-gigantes-se-encuentran\/#primaryimage\"},\"thumbnailUrl\":\"https:\/\/www.actualidadambiental.pe\/mosaico-purus-manu\/wp-content\/uploads\/2021\/12\/bebe-asheninka-yurua.jpg\",\"datePublished\":\"2021-12-28T16:26:46+00:00\",\"dateModified\":\"2022-03-03T10:35:21+00:00\",\"author\":{\"@id\":\"https:\/\/www.actualidadambiental.pe\/mosaico-purus-manu\/#\/schema\/person\/2e25a6b3d0dff4063ebc64118d49150d\"},\"breadcrumb\":{\"@id\":\"https:\/\/www.actualidadambiental.pe\/mosaico-purus-manu\/purus-manu-donde-los-gigantes-se-encuentran\/#breadcrumb\"},\"inLanguage\":\"es\",\"potentialAction\":[{\"@type\":\"ReadAction\",\"target\":[\"https:\/\/www.actualidadambiental.pe\/mosaico-purus-manu\/purus-manu-donde-los-gigantes-se-encuentran\/\"]}]},{\"@type\":\"ImageObject\",\"inLanguage\":\"es\",\"@id\":\"https:\/\/www.actualidadambiental.pe\/mosaico-purus-manu\/purus-manu-donde-los-gigantes-se-encuentran\/#primaryimage\",\"url\":\"https:\/\/www.actualidadambiental.pe\/mosaico-purus-manu\/wp-content\/uploads\/2021\/12\/bebe-asheninka-yurua.jpg\",\"contentUrl\":\"https:\/\/www.actualidadambiental.pe\/mosaico-purus-manu\/wp-content\/uploads\/2021\/12\/bebe-asheninka-yurua.jpg\",\"width\":1500,\"height\":1000},{\"@type\":\"BreadcrumbList\",\"@id\":\"https:\/\/www.actualidadambiental.pe\/mosaico-purus-manu\/purus-manu-donde-los-gigantes-se-encuentran\/#breadcrumb\",\"itemListElement\":[{\"@type\":\"ListItem\",\"position\":1,\"name\":\"Portada\",\"item\":\"https:\/\/www.actualidadambiental.pe\/mosaico-purus-manu\/\"},{\"@type\":\"ListItem\",\"position\":2,\"name\":\"Opini\u00f3n Pur\u00fas &#8211; Manu: donde los gigantes se encuentran\"}]},{\"@type\":\"WebSite\",\"@id\":\"https:\/\/www.actualidadambiental.pe\/mosaico-purus-manu\/#website\",\"url\":\"https:\/\/www.actualidadambiental.pe\/mosaico-purus-manu\/\",\"name\":\"PUR\u00daS MANU\",\"description\":\"Historias desde el coraz\u00f3n del mosaico\",\"potentialAction\":[{\"@type\":\"SearchAction\",\"target\":{\"@type\":\"EntryPoint\",\"urlTemplate\":\"https:\/\/www.actualidadambiental.pe\/mosaico-purus-manu\/?s={search_term_string}\"},\"query-input\":{\"@type\":\"PropertyValueSpecification\",\"valueRequired\":true,\"valueName\":\"search_term_string\"}}],\"inLanguage\":\"es\"},{\"@type\":\"Person\",\"@id\":\"https:\/\/www.actualidadambiental.pe\/mosaico-purus-manu\/#\/schema\/person\/2e25a6b3d0dff4063ebc64118d49150d\",\"name\":\"reytuerto\",\"image\":{\"@type\":\"ImageObject\",\"inLanguage\":\"es\",\"@id\":\"https:\/\/www.actualidadambiental.pe\/mosaico-purus-manu\/#\/schema\/person\/image\/\",\"url\":\"https:\/\/secure.gravatar.com\/avatar\/d45f728170068a3455dc4b3c054092458ca3ce19c9e42c5ac429d35997b917b5?s=96&d=mm&r=g\",\"contentUrl\":\"https:\/\/secure.gravatar.com\/avatar\/d45f728170068a3455dc4b3c054092458ca3ce19c9e42c5ac429d35997b917b5?s=96&d=mm&r=g\",\"caption\":\"reytuerto\"},\"sameAs\":[\"https:\/\/moderam.net\/revistaweb\"],\"url\":\"https:\/\/www.actualidadambiental.pe\/mosaico-purus-manu\/author\/reytuerto\/\"}]}<\/script>\n<!-- \/ Yoast SEO plugin. -->","yoast_head_json":{"title":"Opini\u00f3n Pur\u00fas - Manu: donde los gigantes se encuentran - PUR\u00daS MANU","robots":{"index":"index","follow":"follow","max-snippet":"max-snippet:-1","max-image-preview":"max-image-preview:large","max-video-preview":"max-video-preview:-1"},"canonical":"https:\/\/www.actualidadambiental.pe\/mosaico-purus-manu\/purus-manu-donde-los-gigantes-se-encuentran\/","og_locale":"es_ES","og_type":"article","og_title":"Opini\u00f3n Pur\u00fas - Manu: donde los gigantes se encuentran - PUR\u00daS MANU","og_url":"https:\/\/www.actualidadambiental.pe\/mosaico-purus-manu\/purus-manu-donde-los-gigantes-se-encuentran\/","og_site_name":"PUR\u00daS MANU","article_published_time":"2021-12-28T16:26:46+00:00","article_modified_time":"2022-03-03T10:35:21+00:00","og_image":[{"width":1500,"height":1000,"url":"https:\/\/www.actualidadambiental.pe\/mosaico-purus-manu\/wp-content\/uploads\/2021\/12\/bebe-asheninka-yurua.jpg","type":"image\/jpeg"}],"author":"reytuerto","twitter_card":"summary_large_image","twitter_misc":{"Escrito por":"reytuerto","Tiempo de lectura":"44 minutos"},"schema":{"@context":"https:\/\/schema.org","@graph":[{"@type":"WebPage","@id":"https:\/\/www.actualidadambiental.pe\/mosaico-purus-manu\/purus-manu-donde-los-gigantes-se-encuentran\/","url":"https:\/\/www.actualidadambiental.pe\/mosaico-purus-manu\/purus-manu-donde-los-gigantes-se-encuentran\/","name":"Opini\u00f3n Pur\u00fas - Manu: donde los gigantes se encuentran - PUR\u00daS MANU","isPartOf":{"@id":"https:\/\/www.actualidadambiental.pe\/mosaico-purus-manu\/#website"},"primaryImageOfPage":{"@id":"https:\/\/www.actualidadambiental.pe\/mosaico-purus-manu\/purus-manu-donde-los-gigantes-se-encuentran\/#primaryimage"},"image":{"@id":"https:\/\/www.actualidadambiental.pe\/mosaico-purus-manu\/purus-manu-donde-los-gigantes-se-encuentran\/#primaryimage"},"thumbnailUrl":"https:\/\/www.actualidadambiental.pe\/mosaico-purus-manu\/wp-content\/uploads\/2021\/12\/bebe-asheninka-yurua.jpg","datePublished":"2021-12-28T16:26:46+00:00","dateModified":"2022-03-03T10:35:21+00:00","author":{"@id":"https:\/\/www.actualidadambiental.pe\/mosaico-purus-manu\/#\/schema\/person\/2e25a6b3d0dff4063ebc64118d49150d"},"breadcrumb":{"@id":"https:\/\/www.actualidadambiental.pe\/mosaico-purus-manu\/purus-manu-donde-los-gigantes-se-encuentran\/#breadcrumb"},"inLanguage":"es","potentialAction":[{"@type":"ReadAction","target":["https:\/\/www.actualidadambiental.pe\/mosaico-purus-manu\/purus-manu-donde-los-gigantes-se-encuentran\/"]}]},{"@type":"ImageObject","inLanguage":"es","@id":"https:\/\/www.actualidadambiental.pe\/mosaico-purus-manu\/purus-manu-donde-los-gigantes-se-encuentran\/#primaryimage","url":"https:\/\/www.actualidadambiental.pe\/mosaico-purus-manu\/wp-content\/uploads\/2021\/12\/bebe-asheninka-yurua.jpg","contentUrl":"https:\/\/www.actualidadambiental.pe\/mosaico-purus-manu\/wp-content\/uploads\/2021\/12\/bebe-asheninka-yurua.jpg","width":1500,"height":1000},{"@type":"BreadcrumbList","@id":"https:\/\/www.actualidadambiental.pe\/mosaico-purus-manu\/purus-manu-donde-los-gigantes-se-encuentran\/#breadcrumb","itemListElement":[{"@type":"ListItem","position":1,"name":"Portada","item":"https:\/\/www.actualidadambiental.pe\/mosaico-purus-manu\/"},{"@type":"ListItem","position":2,"name":"Opini\u00f3n Pur\u00fas &#8211; Manu: donde los gigantes se encuentran"}]},{"@type":"WebSite","@id":"https:\/\/www.actualidadambiental.pe\/mosaico-purus-manu\/#website","url":"https:\/\/www.actualidadambiental.pe\/mosaico-purus-manu\/","name":"PUR\u00daS MANU","description":"Historias desde el coraz\u00f3n del mosaico","potentialAction":[{"@type":"SearchAction","target":{"@type":"EntryPoint","urlTemplate":"https:\/\/www.actualidadambiental.pe\/mosaico-purus-manu\/?s={search_term_string}"},"query-input":{"@type":"PropertyValueSpecification","valueRequired":true,"valueName":"search_term_string"}}],"inLanguage":"es"},{"@type":"Person","@id":"https:\/\/www.actualidadambiental.pe\/mosaico-purus-manu\/#\/schema\/person\/2e25a6b3d0dff4063ebc64118d49150d","name":"reytuerto","image":{"@type":"ImageObject","inLanguage":"es","@id":"https:\/\/www.actualidadambiental.pe\/mosaico-purus-manu\/#\/schema\/person\/image\/","url":"https:\/\/secure.gravatar.com\/avatar\/d45f728170068a3455dc4b3c054092458ca3ce19c9e42c5ac429d35997b917b5?s=96&d=mm&r=g","contentUrl":"https:\/\/secure.gravatar.com\/avatar\/d45f728170068a3455dc4b3c054092458ca3ce19c9e42c5ac429d35997b917b5?s=96&d=mm&r=g","caption":"reytuerto"},"sameAs":["https:\/\/moderam.net\/revistaweb"],"url":"https:\/\/www.actualidadambiental.pe\/mosaico-purus-manu\/author\/reytuerto\/"}]}},"_links":{"self":[{"href":"https:\/\/www.actualidadambiental.pe\/mosaico-purus-manu\/wp-json\/wp\/v2\/posts\/618","targetHints":{"allow":["GET"]}}],"collection":[{"href":"https:\/\/www.actualidadambiental.pe\/mosaico-purus-manu\/wp-json\/wp\/v2\/posts"}],"about":[{"href":"https:\/\/www.actualidadambiental.pe\/mosaico-purus-manu\/wp-json\/wp\/v2\/types\/post"}],"author":[{"embeddable":true,"href":"https:\/\/www.actualidadambiental.pe\/mosaico-purus-manu\/wp-json\/wp\/v2\/users\/1"}],"replies":[{"embeddable":true,"href":"https:\/\/www.actualidadambiental.pe\/mosaico-purus-manu\/wp-json\/wp\/v2\/comments?post=618"}],"version-history":[{"count":17,"href":"https:\/\/www.actualidadambiental.pe\/mosaico-purus-manu\/wp-json\/wp\/v2\/posts\/618\/revisions"}],"predecessor-version":[{"id":1094,"href":"https:\/\/www.actualidadambiental.pe\/mosaico-purus-manu\/wp-json\/wp\/v2\/posts\/618\/revisions\/1094"}],"wp:featuredmedia":[{"embeddable":true,"href":"https:\/\/www.actualidadambiental.pe\/mosaico-purus-manu\/wp-json\/wp\/v2\/media\/624"}],"wp:attachment":[{"href":"https:\/\/www.actualidadambiental.pe\/mosaico-purus-manu\/wp-json\/wp\/v2\/media?parent=618"}],"wp:term":[{"taxonomy":"category","embeddable":true,"href":"https:\/\/www.actualidadambiental.pe\/mosaico-purus-manu\/wp-json\/wp\/v2\/categories?post=618"},{"taxonomy":"post_tag","embeddable":true,"href":"https:\/\/www.actualidadambiental.pe\/mosaico-purus-manu\/wp-json\/wp\/v2\/tags?post=618"}],"curies":[{"name":"wp","href":"https:\/\/api.w.org\/{rel}","templated":true}]}}