{"id":509,"date":"2021-11-07T19:44:48","date_gmt":"2021-11-08T00:44:48","guid":{"rendered":"https:\/\/www.actualidadambiental.pe\/mosaico-purus-manu\/?p=509"},"modified":"2022-03-01T12:33:33","modified_gmt":"2022-03-01T17:33:33","slug":"por-que-aumentaron-los-encuentros-con-indigenas-en-aislamiento-en-ucayali-y-madre-de-dios","status":"publish","type":"post","link":"https:\/\/www.actualidadambiental.pe\/mosaico-purus-manu\/por-que-aumentaron-los-encuentros-con-indigenas-en-aislamiento-en-ucayali-y-madre-de-dios\/","title":{"rendered":"\u00bfPor qu\u00e9 aumentaron los encuentros con ind\u00edgenas en aislamiento?"},"content":{"rendered":"<p><div class=\"fusion-fullwidth fullwidth-box fusion-builder-row-1 fusion-flex-container fusion-parallax-fixed nonhundred-percent-fullwidth hundred-percent-height hundred-percent-height-center-content non-hundred-percent-height-scrolling\" style=\"--awb-border-radius-top-left:0px;--awb-border-radius-top-right:0px;--awb-border-radius-bottom-right:0px;--awb-border-radius-bottom-left:0px;--awb-background-image:url(&quot;https:\/\/www.actualidadambiental.pe\/mosaico-purus-manu\/wp-content\/uploads\/2021\/12\/piaci-drone-manu.jpg&quot;);--awb-background-size:cover;background-attachment:fixed;\" ><div class=\"fusion-builder-row fusion-row fusion-flex-align-items-flex-start\" style=\"max-width:1248px;margin-left: calc(-4% \/ 2 );margin-right: calc(-4% \/ 2 );\"><div class=\"fusion-layout-column fusion_builder_column fusion-builder-column-0 fusion_builder_column_1_1 1_1 fusion-flex-column\" style=\"--awb-bg-size:cover;--awb-width-large:100%;--awb-spacing-right-large:1.92%;--awb-spacing-left-large:1.92%;--awb-width-medium:100%;--awb-order-medium:0;--awb-spacing-right-medium:1.92%;--awb-spacing-left-medium:1.92%;--awb-width-small:100%;--awb-order-small:0;--awb-spacing-right-small:1.92%;--awb-spacing-left-small:1.92%;\"><div class=\"fusion-column-wrapper fusion-column-has-shadow fusion-flex-justify-content-flex-start fusion-content-layout-column\"><div class=\"fusion-separator fusion-full-width-sep\" style=\"align-self: center;margin-left: auto;margin-right: auto;margin-top:10%;width:100%;\"><\/div><div class=\"fusion-title title fusion-title-1 fusion-sep-none fusion-title-center fusion-title-text fusion-title-size-two\"><h2 class=\"title-heading-center fusion-responsive-typography-calculated\" style=\"margin:0;--fontSize:32;line-height:1.2;\">\u00bfPor qu\u00e9 aumentaron los encuentros con ind\u00edgenas en aislamiento?<\/h2><\/div><div class=\"fusion-separator\" style=\"align-self: center;margin-left: auto;margin-right: auto;margin-top:30px;margin-bottom:40px;width:100%;max-width:20%;\"><div class=\"fusion-separator-border sep-single sep-solid\" style=\"border-color:#f1ebe1;border-top-width:10px;\"><\/div><\/div><div class=\"fusion-text fusion-text-1\" style=\"--awb-font-size:22px;--awb-text-transform:none;--awb-text-color:#ffffff;--awb-margin-right:16%;--awb-margin-left:16%;--awb-text-font-family:&quot;Oswald&quot;;--awb-text-font-style:normal;--awb-text-font-weight:500;\"><p>En noviembre pasado los mashco piro, una etnia que vive en aislamiento voluntario, atac\u00f3 a una familia mastanahua en Pur\u00fas (Ucayali). Este hecho se sum\u00f3 a otros ataques pasados que han causado temor entre las poblaciones ind\u00edgenas que habitan en la Amazon\u00eda de Madre de Dios y Ucayali.<\/p>\n<\/div><\/div><\/div><\/div><\/div><div class=\"fusion-fullwidth fullwidth-box fusion-builder-row-2 fusion-flex-container nonhundred-percent-fullwidth non-hundred-percent-height-scrolling\" style=\"--awb-border-radius-top-left:0px;--awb-border-radius-top-right:0px;--awb-border-radius-bottom-right:0px;--awb-border-radius-bottom-left:0px;--awb-padding-right:30%;--awb-padding-left:30%;--awb-padding-right-small:10%;--awb-padding-left-small:10%;\" ><div class=\"fusion-builder-row fusion-row fusion-flex-align-items-flex-start\" style=\"max-width:1248px;margin-left: calc(-4% \/ 2 );margin-right: calc(-4% \/ 2 );\"><div class=\"fusion-layout-column fusion_builder_column fusion-builder-column-1 fusion_builder_column_1_1 1_1 fusion-flex-column\" style=\"--awb-bg-size:cover;--awb-width-large:100%;--awb-spacing-right-large:1.92%;--awb-spacing-left-large:1.92%;--awb-width-medium:100%;--awb-order-medium:0;--awb-spacing-right-medium:1.92%;--awb-spacing-left-medium:1.92%;--awb-width-small:100%;--awb-order-small:0;--awb-spacing-right-small:1.92%;--awb-spacing-left-small:1.92%;\"><div class=\"fusion-column-wrapper fusion-column-has-shadow fusion-flex-justify-content-flex-start fusion-content-layout-column\"><div class=\"fusion-text fusion-text-2\" style=\"--awb-text-transform:none;--awb-margin-top:40px;\"><p>En los \u00faltimos a\u00f1os, se han reportado diversos avistamientos y ataques de los mascho piro, un grupo semin\u00f3made de ind\u00edgenas en aislamiento que habita en la Amazon\u00eda sur del pa\u00eds, entre las regiones Madre de Dios y Ucayali.<\/p>\n<p>El caso m\u00e1s reciente ocurri\u00f3 en la comunidad nativa Santa Rey, en la provincia de Pur\u00fas (Ucayali), en noviembre de 2020. En aquella ocasi\u00f3n, un grupo de la mencionada etnia atac\u00f3 a una familia mastanahua en contacto inicial. En total murieron tres personas y una qued\u00f3 desaparecida. Este hecho provoc\u00f3 el traslado de diversas familias de la etnia huni kuin que habitaban en el r\u00edo Curanja, con el fin de evitar otra tragedia.<\/p>\n<p>Seg\u00fan la Base de Datos de los Pueblos Ind\u00edgenas del Ministerio de Cultura (Mincul), el pueblo mashco piro vive en las cuencas medias y altas de los r\u00edos Manu, Los Amigos, Pariamanu, Las Piedras, Tahuamanu y Acre (Reserva Territorial Madre de Dios) y en las cuencas del alto r\u00edo Pur\u00fas y el Curanja (Reserva Ind\u00edgena Mashco Piro).<\/p>\n<\/div><div class=\"fusion-separator fusion-full-width-sep\" style=\"align-self: center;margin-left: auto;margin-right: auto;margin-top:10px;margin-bottom:10px;width:100%;\"><\/div><div class=\"fusion-separator fusion-full-width-sep\" style=\"align-self: center;margin-left: auto;margin-right: auto;margin-top:10px;margin-bottom:10px;width:100%;\"><\/div><\/div><\/div><\/div><\/div><div class=\"fusion-fullwidth fullwidth-box fusion-builder-row-3 fusion-flex-container fusion-parallax-none hundred-percent-fullwidth hundred-percent-height hundred-percent-height-center-content non-hundred-percent-height-scrolling\" style=\"--awb-border-radius-top-left:0px;--awb-border-radius-top-right:0px;--awb-border-radius-bottom-right:0px;--awb-border-radius-bottom-left:0px;--awb-background-image:url(&quot;https:\/\/www.actualidadambiental.pe\/mosaico-purus-manu\/wp-content\/uploads\/2021\/12\/paisaje-piaci-manu-scaled.jpg&quot;);--awb-background-size:cover;\" ><div class=\"fusion-builder-row fusion-row fusion-flex-align-items-flex-start\" style=\"width:104% !important;max-width:104% !important;margin-left: calc(-4% \/ 2 );margin-right: calc(-4% \/ 2 );\"><div class=\"fusion-layout-column fusion_builder_column fusion-builder-column-2 fusion_builder_column_1_1 1_1 fusion-flex-column\" style=\"--awb-bg-size:cover;--awb-width-large:100%;--awb-spacing-right-large:1.92%;--awb-spacing-left-large:1.92%;--awb-width-medium:100%;--awb-order-medium:0;--awb-spacing-right-medium:1.92%;--awb-spacing-left-medium:1.92%;--awb-width-small:100%;--awb-order-small:0;--awb-spacing-right-small:1.92%;--awb-spacing-left-small:1.92%;\"><div class=\"fusion-column-wrapper fusion-column-has-shadow fusion-flex-justify-content-flex-start fusion-content-layout-column\"><\/div><\/div><\/div><\/div><div class=\"fusion-fullwidth fullwidth-box fusion-builder-row-4 fusion-flex-container nonhundred-percent-fullwidth non-hundred-percent-height-scrolling\" style=\"--awb-border-radius-top-left:0px;--awb-border-radius-top-right:0px;--awb-border-radius-bottom-right:0px;--awb-border-radius-bottom-left:0px;\" ><div class=\"fusion-builder-row fusion-row fusion-flex-align-items-flex-start\" style=\"max-width:1248px;margin-left: calc(-4% \/ 2 );margin-right: calc(-4% \/ 2 );\"><div class=\"fusion-layout-column fusion_builder_column fusion-builder-column-3 fusion_builder_column_1_1 1_1 fusion-flex-column\" style=\"--awb-bg-size:cover;--awb-width-large:100%;--awb-spacing-right-large:1.92%;--awb-spacing-left-large:1.92%;--awb-width-medium:100%;--awb-order-medium:0;--awb-spacing-right-medium:1.92%;--awb-spacing-left-medium:1.92%;--awb-width-small:100%;--awb-order-small:0;--awb-spacing-right-small:1.92%;--awb-spacing-left-small:1.92%;\"><div class=\"fusion-column-wrapper fusion-column-has-shadow fusion-flex-justify-content-flex-start fusion-content-layout-column\"><div class=\"fusion-text fusion-text-3\" style=\"--awb-font-size:16px;--awb-text-transform:none;--awb-margin-top:10px;--awb-text-font-family:Arial, Helvetica, sans-serif;--awb-text-font-style:normal;--awb-text-font-weight:400;\"><p>En los \u00faltimos a\u00f1os se ve con m\u00e1s frecuencia a los ind\u00edgenas mashco piro. Posiblemente porque actividades como la tala, miner\u00eda y el narcotr\u00e1fico est\u00e1n haciendo presi\u00f3n sobre sus territorios.<\/p>\n<\/div><\/div><\/div><\/div><\/div><div class=\"fusion-fullwidth fullwidth-box fusion-builder-row-5 fusion-flex-container nonhundred-percent-fullwidth non-hundred-percent-height-scrolling\" style=\"--awb-border-radius-top-left:0px;--awb-border-radius-top-right:0px;--awb-border-radius-bottom-right:0px;--awb-border-radius-bottom-left:0px;--awb-padding-right:30%;--awb-padding-left:30%;--awb-padding-right-small:10%;--awb-padding-left-small:10%;\" ><div class=\"fusion-builder-row fusion-row fusion-flex-align-items-flex-start\" style=\"max-width:1248px;margin-left: calc(-4% \/ 2 );margin-right: calc(-4% \/ 2 );\"><div class=\"fusion-layout-column fusion_builder_column fusion-builder-column-4 fusion_builder_column_1_1 1_1 fusion-flex-column\" style=\"--awb-bg-size:cover;--awb-width-large:100%;--awb-spacing-right-large:1.92%;--awb-spacing-left-large:1.92%;--awb-width-medium:100%;--awb-order-medium:0;--awb-spacing-right-medium:1.92%;--awb-spacing-left-medium:1.92%;--awb-width-small:100%;--awb-order-small:0;--awb-spacing-right-small:1.92%;--awb-spacing-left-small:1.92%;\"><div class=\"fusion-column-wrapper fusion-column-has-shadow fusion-flex-justify-content-flex-start fusion-content-layout-column\"><div class=\"fusion-text fusion-text-4\" style=\"--awb-text-transform:none;\"><p>El origen de los mashco piro est\u00e1 asociado a la etnia yine \u2013agrega el Mincul\u2013 y habr\u00eda mantenido relaciones de alianza, intercambio o guerra con pueblos vecinos como los matsigenka y los harakbut. Sin embargo, decidi\u00f3 alejarse para huir de los empresarios caucheros que los capturaban para esclavizarlos.<\/p>\n<p>Por d\u00e9cadas, este pueblo ind\u00edgena vivi\u00f3 totalmente alejado del resto del pa\u00eds, pero en los \u00faltimos diez a\u00f1os algunos de sus integrantes han sido vistos con mayor frecuencia, probablemente debido a diversas actividades que hacen presi\u00f3n sobre sus territorios. Entre estas se encuentran la tala ilegal, la miner\u00eda y el narcotr\u00e1fico.<\/p>\n<p>Para conocer un poco m\u00e1s sobre esta etnia, cu\u00e1l es su modo de vida, c\u00f3mo est\u00e1 protegida por la legislaci\u00f3n, y por qu\u00e9 algunos de sus encuentros terminan en violencia, conversamos con dos especialistas.<\/p>\n<\/div><\/div><\/div><\/div><\/div><div class=\"fusion-fullwidth fullwidth-box fusion-builder-row-6 fusion-flex-container fusion-parallax-none hundred-percent-fullwidth hundred-percent-height hundred-percent-height-center-content non-hundred-percent-height-scrolling\" style=\"--awb-border-radius-top-left:0px;--awb-border-radius-top-right:0px;--awb-border-radius-bottom-right:0px;--awb-border-radius-bottom-left:0px;--awb-background-image:url(&quot;https:\/\/www.actualidadambiental.pe\/mosaico-purus-manu\/wp-content\/uploads\/2021\/12\/arbol-bosque-piaci.jpg&quot;);--awb-background-size:cover;\" ><div class=\"fusion-builder-row fusion-row fusion-flex-align-items-flex-start\" style=\"width:104% !important;max-width:104% !important;margin-left: calc(-4% \/ 2 );margin-right: calc(-4% \/ 2 );\"><div class=\"fusion-layout-column fusion_builder_column fusion-builder-column-5 fusion_builder_column_1_1 1_1 fusion-flex-column\" style=\"--awb-bg-size:cover;--awb-width-large:100%;--awb-spacing-right-large:1.92%;--awb-spacing-left-large:1.92%;--awb-width-medium:100%;--awb-order-medium:0;--awb-spacing-right-medium:1.92%;--awb-spacing-left-medium:1.92%;--awb-width-small:100%;--awb-order-small:0;--awb-spacing-right-small:1.92%;--awb-spacing-left-small:1.92%;\"><div class=\"fusion-column-wrapper fusion-column-has-shadow fusion-flex-justify-content-flex-start fusion-content-layout-column\"><\/div><\/div><\/div><\/div><div class=\"fusion-fullwidth fullwidth-box fusion-builder-row-7 fusion-flex-container nonhundred-percent-fullwidth non-hundred-percent-height-scrolling\" style=\"--awb-border-radius-top-left:0px;--awb-border-radius-top-right:0px;--awb-border-radius-bottom-right:0px;--awb-border-radius-bottom-left:0px;\" ><div class=\"fusion-builder-row fusion-row fusion-flex-align-items-flex-start\" style=\"max-width:1248px;margin-left: calc(-4% \/ 2 );margin-right: calc(-4% \/ 2 );\"><div class=\"fusion-layout-column fusion_builder_column fusion-builder-column-6 fusion_builder_column_1_1 1_1 fusion-flex-column\" style=\"--awb-bg-size:cover;--awb-width-large:100%;--awb-spacing-right-large:1.92%;--awb-spacing-left-large:1.92%;--awb-width-medium:100%;--awb-order-medium:0;--awb-spacing-right-medium:1.92%;--awb-spacing-left-medium:1.92%;--awb-width-small:100%;--awb-order-small:0;--awb-spacing-right-small:1.92%;--awb-spacing-left-small:1.92%;\"><div class=\"fusion-column-wrapper fusion-column-has-shadow fusion-flex-justify-content-flex-start fusion-content-layout-column\"><div class=\"fusion-text fusion-text-5\" style=\"--awb-font-size:16px;--awb-text-transform:none;--awb-margin-top:10px;--awb-text-font-family:Arial, Helvetica, sans-serif;--awb-text-font-style:normal;--awb-text-font-weight:400;\"><p>Tanto el personal del Mincul como del Sernanp han tenido encuentros con los mashco piro, y m\u00e1s en los \u00faltimos diez a\u00f1os.<\/p>\n<\/div><\/div><\/div><\/div><\/div><div class=\"fusion-fullwidth fullwidth-box fusion-builder-row-8 fusion-flex-container nonhundred-percent-fullwidth non-hundred-percent-height-scrolling\" style=\"--awb-border-radius-top-left:0px;--awb-border-radius-top-right:0px;--awb-border-radius-bottom-right:0px;--awb-border-radius-bottom-left:0px;--awb-padding-right:30%;--awb-padding-left:30%;--awb-padding-right-small:10%;--awb-padding-left-small:10%;\" ><div class=\"fusion-builder-row fusion-row fusion-flex-align-items-flex-start\" style=\"max-width:1248px;margin-left: calc(-4% \/ 2 );margin-right: calc(-4% \/ 2 );\"><div class=\"fusion-layout-column fusion_builder_column fusion-builder-column-7 fusion_builder_column_1_1 1_1 fusion-flex-column\" style=\"--awb-bg-size:cover;--awb-width-large:100%;--awb-spacing-right-large:1.92%;--awb-spacing-left-large:1.92%;--awb-width-medium:100%;--awb-order-medium:0;--awb-spacing-right-medium:1.92%;--awb-spacing-left-medium:1.92%;--awb-width-small:100%;--awb-order-small:0;--awb-spacing-right-small:1.92%;--awb-spacing-left-small:1.92%;\"><div class=\"fusion-column-wrapper fusion-column-has-shadow fusion-flex-justify-content-flex-start fusion-content-layout-column\"><div class=\"fusion-title title fusion-title-2 fusion-sep-none fusion-title-text fusion-title-size-three\"><h3 class=\"title-heading-left fusion-responsive-typography-calculated\" style=\"margin:0;--fontSize:24;--minFontSize:24;line-height:1.3;\">\u00bfPor qu\u00e9 se dejan ver con mayor frecuencia?<\/h3><\/div><div class=\"fusion-text fusion-text-6\" style=\"--awb-text-transform:none;\"><p>Seg\u00fan Luis Felipe Torres, antrop\u00f3logo especializado en pueblos ind\u00edgenas, si bien la invasi\u00f3n de sus territorios por parte de actividades ilegales podr\u00eda ser uno de los factores externos para que hayan decidido mostrarse nuevamente, tambi\u00e9n existen otros factores internos que desconocemos y que deben ser tambi\u00e9n materia de estudio.<\/p>\n<p>\u201cCuando nos preguntamos por qu\u00e9 los ind\u00edgenas en aislamiento act\u00faan de tal o cual forma tenemos que considerar que hay un punto ciego grande ah\u00ed, que hay una buena parte de informaci\u00f3n que desconocemos. Lo que conocemos, son principalmente algunos factores externos que influyen definitivamente en las agendas de vida de los ind\u00edgenas aislados. Es conocido que las zonas [\u00e1rea protegidas] no son totalmente intangibles y que esos factores evidentemente s\u00ed pueden tener un impacto en grupos como los mashco piro que habitan en esos territorios\u201d, explic\u00f3 el especialista.<\/p>\n<\/div><div class=\"fusion-separator fusion-full-width-sep\" style=\"align-self: center;margin-left: auto;margin-right: auto;margin-top:10px;margin-bottom:10px;width:100%;\"><\/div><div class=\"fusion-separator fusion-full-width-sep\" style=\"align-self: center;margin-left: auto;margin-right: auto;margin-top:10px;margin-bottom:10px;width:100%;\"><\/div><div class=\"fusion-text fusion-text-7\" style=\"--awb-text-transform:none;\"><p>\u00abEntonces hay otros factores de deliberaci\u00f3n interna de c\u00f3mo es que reaccionan a estos factores externos que sabemos que no va a ser de igual forma en todos los casos. Tenemos un conocimiento de algunos factores que definitivamente influyen pero hay toda una interrogante metodol\u00f3gica en los factores internos por los cuales toman ciertas actitudes\u00bb, agreg\u00f3.<\/p>\n<\/div><div class=\"fusion-separator fusion-full-width-sep\" style=\"align-self: center;margin-left: auto;margin-right: auto;margin-top:10px;margin-bottom:10px;width:100%;\"><\/div><\/div><\/div><\/div><\/div><div class=\"fusion-fullwidth fullwidth-box fusion-builder-row-9 fusion-flex-container nonhundred-percent-fullwidth non-hundred-percent-height-scrolling\" style=\"--awb-border-radius-top-left:0px;--awb-border-radius-top-right:0px;--awb-border-radius-bottom-right:0px;--awb-border-radius-bottom-left:0px;--awb-padding-right:30%;--awb-padding-left:30%;--awb-padding-right-small:10%;--awb-padding-left-small:10%;\" ><div class=\"fusion-builder-row fusion-row fusion-flex-align-items-flex-start\" style=\"max-width:1248px;margin-left: calc(-4% \/ 2 );margin-right: calc(-4% \/ 2 );\"><div class=\"fusion-layout-column fusion_builder_column fusion-builder-column-8 fusion_builder_column_1_1 1_1 fusion-flex-column\" style=\"--awb-bg-size:cover;--awb-width-large:100%;--awb-spacing-right-large:1.92%;--awb-spacing-left-large:1.92%;--awb-width-medium:100%;--awb-order-medium:0;--awb-spacing-right-medium:1.92%;--awb-spacing-left-medium:1.92%;--awb-width-small:100%;--awb-order-small:0;--awb-spacing-right-small:1.92%;--awb-spacing-left-small:1.92%;\"><div class=\"fusion-column-wrapper fusion-column-has-shadow fusion-flex-justify-content-flex-start fusion-content-layout-column\"><div class=\"fusion-title title fusion-title-3 fusion-sep-none fusion-title-text fusion-title-size-three\"><h3 class=\"title-heading-left fusion-responsive-typography-calculated\" style=\"margin:0;--fontSize:24;--minFontSize:24;line-height:1.3;\">\u00bfPor qu\u00e9 algunos encuentros terminan en violencia?<\/h3><\/div><div class=\"fusion-text fusion-text-8\" style=\"--awb-text-transform:none;\"><p>Luis Felipe Torres record\u00f3 que los mashco piro no siempre fueron un pueblo en aislamiento, sino que han tenido relaciones con sus vecinos como los yine y pano, pero con el tiempo fueron alej\u00e1ndose.<\/p>\n<p>\u201cTradicionalmente, en las sociedades amaz\u00f3nicas, las interacciones entre pueblos han tenido un espacio muy ambivalente. Es decir, las relaciones en t\u00e9rminos de intercambio e incluso de parentesco no son contrapuestas a relaciones guerreras. En este sentido, es t\u00edpicamente amaz\u00f3nico, a nivel tradicional, que unas acciones de intercambio y de parentesco pueda estar de la mano con acciones guerreras. Entonces, existe siempre esta ambivalencia en las relaciones entre pueblos a veces por los cuales se puede actuar de una manera y a veces de otra\u201d, se\u00f1al\u00f3 el antrop\u00f3logo.<\/p>\n<p>Asimismo, agreg\u00f3 que \u201ceste punto tiene que ver con instituciones culturales propias de los pueblos amaz\u00f3nicos, como el intercambio, el parentesco y la guerra, que son instituciones que no van separadas en las relaciones entre los pueblos, sino van casi mezcladas en un mismo paquete\u201d.<\/p>\n<p>\u201cEntonces, lo que sucede, a mi modo de ver, es que los mashco piro tienen esta manera de relacionarse con los otros pueblos de forma m\u00e1s tradicional y en donde las acciones guerreras, para ellos, est\u00e1n vinculadas a las acciones de intercambio y parentesco, mientras que las comunidades de ahora, si intercambian con otra comunidad o tienes alg\u00fan parentesco, no hay un espacio para la guerra porque ese es el entendimiento. Para los mashco piro, esta diferenciaci\u00f3n entre el intercambio y la guerra no queda tan clara. Entonces, se pueden todav\u00eda dar estas relaciones que pueden terminar de forma violenta\u201d, apunt\u00f3 Luis Felipe Torres.<\/p>\n<\/div><\/div><\/div><\/div><\/div><div class=\"fusion-fullwidth fullwidth-box fusion-builder-row-10 fusion-flex-container nonhundred-percent-fullwidth non-hundred-percent-height-scrolling\" style=\"--awb-border-radius-top-left:0px;--awb-border-radius-top-right:0px;--awb-border-radius-bottom-right:0px;--awb-border-radius-bottom-left:0px;--awb-padding-right:20%;--awb-padding-left:20%;\" ><div class=\"fusion-builder-row fusion-row fusion-flex-align-items-flex-start\" style=\"max-width:1248px;margin-left: calc(-4% \/ 2 );margin-right: calc(-4% \/ 2 );\"><div class=\"fusion-layout-column fusion_builder_column fusion-builder-column-9 fusion_builder_column_1_1 1_1 fusion-flex-column\" style=\"--awb-bg-size:cover;--awb-width-large:100%;--awb-spacing-right-large:1.92%;--awb-spacing-left-large:1.92%;--awb-width-medium:100%;--awb-order-medium:0;--awb-spacing-right-medium:1.92%;--awb-spacing-left-medium:1.92%;--awb-width-small:100%;--awb-order-small:0;--awb-spacing-right-small:1.92%;--awb-spacing-left-small:1.92%;\"><div class=\"fusion-column-wrapper fusion-column-has-shadow fusion-flex-justify-content-flex-start fusion-content-layout-column\"><div class=\"fusion-image-element \"><span class=\" fusion-imageframe imageframe-none imageframe-1 hover-type-none\"><img decoding=\"async\" width=\"2560\" height=\"1707\" title=\"guardaparque-piaci-manu\" src=\"https:\/\/www.actualidadambiental.pe\/mosaico-purus-manu\/wp-content\/uploads\/2021\/12\/guardaparque-piaci-manu-scaled.jpg\" alt class=\"img-responsive wp-image-512\" srcset=\"https:\/\/www.actualidadambiental.pe\/mosaico-purus-manu\/wp-content\/uploads\/2021\/12\/guardaparque-piaci-manu-200x133.jpg 200w, https:\/\/www.actualidadambiental.pe\/mosaico-purus-manu\/wp-content\/uploads\/2021\/12\/guardaparque-piaci-manu-400x267.jpg 400w, https:\/\/www.actualidadambiental.pe\/mosaico-purus-manu\/wp-content\/uploads\/2021\/12\/guardaparque-piaci-manu-600x400.jpg 600w, https:\/\/www.actualidadambiental.pe\/mosaico-purus-manu\/wp-content\/uploads\/2021\/12\/guardaparque-piaci-manu-800x533.jpg 800w, https:\/\/www.actualidadambiental.pe\/mosaico-purus-manu\/wp-content\/uploads\/2021\/12\/guardaparque-piaci-manu-1200x800.jpg 1200w, https:\/\/www.actualidadambiental.pe\/mosaico-purus-manu\/wp-content\/uploads\/2021\/12\/guardaparque-piaci-manu-scaled.jpg 2560w\" sizes=\"(max-width: 640px) 100vw, 1200px\" \/><\/span><\/div><div class=\"fusion-text fusion-text-9\" style=\"--awb-font-size:16px;--awb-text-transform:none;--awb-margin-top:10px;--awb-text-font-family:Arial, Helvetica, sans-serif;--awb-text-font-style:normal;--awb-text-font-weight:400;\"><p>Guardaparques tambi\u00e9n han sufrido ataques de los mashco piro, sin embargo ello no ha disminuido sus ganas de trabajar para resguardar la integridad de los pueblos en aislamiento voluntario.<\/p>\n<\/div><\/div><\/div><\/div><\/div><div class=\"fusion-fullwidth fullwidth-box fusion-builder-row-11 fusion-flex-container nonhundred-percent-fullwidth non-hundred-percent-height-scrolling\" style=\"--awb-border-radius-top-left:0px;--awb-border-radius-top-right:0px;--awb-border-radius-bottom-right:0px;--awb-border-radius-bottom-left:0px;--awb-padding-right:30%;--awb-padding-left:30%;--awb-padding-right-small:10%;--awb-padding-left-small:10%;\" ><div class=\"fusion-builder-row fusion-row fusion-flex-align-items-flex-start\" style=\"max-width:1248px;margin-left: calc(-4% \/ 2 );margin-right: calc(-4% \/ 2 );\"><div class=\"fusion-layout-column fusion_builder_column fusion-builder-column-10 fusion_builder_column_1_1 1_1 fusion-flex-column\" style=\"--awb-bg-size:cover;--awb-width-large:100%;--awb-spacing-right-large:1.92%;--awb-spacing-left-large:1.92%;--awb-width-medium:100%;--awb-order-medium:0;--awb-spacing-right-medium:1.92%;--awb-spacing-left-medium:1.92%;--awb-width-small:100%;--awb-order-small:0;--awb-spacing-right-small:1.92%;--awb-spacing-left-small:1.92%;\"><div class=\"fusion-column-wrapper fusion-column-has-shadow fusion-flex-justify-content-flex-start fusion-content-layout-column\"><div class=\"fusion-title title fusion-title-4 fusion-sep-none fusion-title-text fusion-title-size-three\"><h3 class=\"title-heading-left fusion-responsive-typography-calculated\" style=\"margin:0;--fontSize:24;--minFontSize:24;line-height:1.3;\">\u00bfPor qu\u00e9 deben ser protegidos?<\/h3><\/div><div class=\"fusion-text fusion-text-10\" style=\"--awb-text-transform:none;\"><p>En el pa\u00eds se han identificado unos 20 pueblos ind\u00edgenas en aislamiento en todo el territorio. Debido a su vulnerabilidad, sobre todo porque carecen de defensas que los protejan ante diversas enfermedades, estas poblaciones necesitan de parte del Estado una protecci\u00f3n especial que asegure su supervivencia, sobre todo porque viven amenazados por diversas actividades: miner\u00eda ilegal, deforestaci\u00f3n, agricultura migratoria, entre otros. En total, se calcula que son 7 mil peruanos los que viven en esta situaci\u00f3n.<\/p>\n<p>Seg\u00fan Melissa S\u00e1nchez, especialista del Programa de Biodiversidad y Pueblos Ind\u00edgenas de la Sociedad Peruana de Derecho Ambiental (SPDA), en la actualidad, estos pueblos se encuentran protegidos por la legislaci\u00f3n nacional a trav\u00e9s de diversas normas. Una las m\u00e1s importantes es la Ley 28736, Ley para la protecci\u00f3n de pueblos ind\u00edgenas u originarios en situaci\u00f3n de aislamiento y en situaci\u00f3n de contacto inicial, tambi\u00e9n conocida como \u201cLey PIACI\u201d, y su Reglamento.<\/p>\n<\/div><div class=\"fusion-separator fusion-full-width-sep\" style=\"align-self: center;margin-left: auto;margin-right: auto;margin-top:10px;margin-bottom:10px;width:100%;\"><\/div><div class=\"fusion-image-element \"><span class=\" fusion-imageframe imageframe-none imageframe-2 hover-type-none\"><img decoding=\"async\" width=\"1500\" height=\"1000\" title=\"madera-deforestacion-piaci\" src=\"https:\/\/www.actualidadambiental.pe\/mosaico-purus-manu\/wp-content\/uploads\/2021\/12\/madera-deforestacion-piaci.jpg\" alt class=\"img-responsive wp-image-513\" srcset=\"https:\/\/www.actualidadambiental.pe\/mosaico-purus-manu\/wp-content\/uploads\/2021\/12\/madera-deforestacion-piaci-200x133.jpg 200w, https:\/\/www.actualidadambiental.pe\/mosaico-purus-manu\/wp-content\/uploads\/2021\/12\/madera-deforestacion-piaci-400x267.jpg 400w, https:\/\/www.actualidadambiental.pe\/mosaico-purus-manu\/wp-content\/uploads\/2021\/12\/madera-deforestacion-piaci-600x400.jpg 600w, https:\/\/www.actualidadambiental.pe\/mosaico-purus-manu\/wp-content\/uploads\/2021\/12\/madera-deforestacion-piaci-800x533.jpg 800w, https:\/\/www.actualidadambiental.pe\/mosaico-purus-manu\/wp-content\/uploads\/2021\/12\/madera-deforestacion-piaci-1200x800.jpg 1200w, https:\/\/www.actualidadambiental.pe\/mosaico-purus-manu\/wp-content\/uploads\/2021\/12\/madera-deforestacion-piaci.jpg 1500w\" sizes=\"(max-width: 640px) 100vw, 1200px\" \/><\/span><\/div><div class=\"fusion-text fusion-text-11\" style=\"--awb-font-size:16px;--awb-text-transform:none;--awb-margin-top:10px;--awb-text-font-family:Arial, Helvetica, sans-serif;--awb-text-font-style:normal;--awb-text-font-weight:400;\"><p>Actividades como la tala ilegal est\u00e1n empujando a los mashco piro hacia territorios habitados por otros pueblos ind\u00edgenas.<\/p>\n<\/div><div class=\"fusion-separator fusion-full-width-sep\" style=\"align-self: center;margin-left: auto;margin-right: auto;margin-top:10px;margin-bottom:10px;width:100%;\"><\/div><div class=\"fusion-text fusion-text-12\" style=\"--awb-text-transform:none;\"><p>\u201cEn dicha ley, el Estado se compromete a garantizar la vida y la salud de los PIACI, proteger sus modos de vida, reconocer su derecho a poseer el territorio que habitan y evitar el ingreso de for\u00e1neos a los mismos, entre otros. Dada su particular vulnerabilidad, el Estado promueve, adem\u00e1s, el principio de no contacto. Sin embargo, para lograr una real protecci\u00f3n de sus derechos, a\u00fan existen desaf\u00edos que superar\u201d, explic\u00f3 la especialista de la SPDA.<\/p>\n<p><a href=\"#_ftnref1\" name=\"_ftn1\"><\/a><\/p>\n<\/div><div class=\"fusion-separator fusion-full-width-sep\" style=\"align-self: center;margin-left: auto;margin-right: auto;margin-top:10px;margin-bottom:10px;width:100%;\"><\/div><\/div><\/div><\/div><\/div><div class=\"fusion-fullwidth fullwidth-box fusion-builder-row-12 fusion-flex-container fusion-parallax-none hundred-percent-fullwidth hundred-percent-height hundred-percent-height-center-content non-hundred-percent-height-scrolling\" style=\"--awb-border-radius-top-left:0px;--awb-border-radius-top-right:0px;--awb-border-radius-bottom-right:0px;--awb-border-radius-bottom-left:0px;--awb-background-image:url(&quot;https:\/\/www.actualidadambiental.pe\/mosaico-purus-manu\/wp-content\/uploads\/2021\/12\/matsigenkas-manu-piaci.jpg&quot;);--awb-background-size:cover;\" ><div class=\"fusion-builder-row fusion-row fusion-flex-align-items-flex-start\" style=\"width:104% !important;max-width:104% !important;margin-left: calc(-4% \/ 2 );margin-right: calc(-4% \/ 2 );\"><div class=\"fusion-layout-column fusion_builder_column fusion-builder-column-11 fusion_builder_column_1_1 1_1 fusion-flex-column\" style=\"--awb-bg-size:cover;--awb-width-large:100%;--awb-spacing-right-large:1.92%;--awb-spacing-left-large:1.92%;--awb-width-medium:100%;--awb-order-medium:0;--awb-spacing-right-medium:1.92%;--awb-spacing-left-medium:1.92%;--awb-width-small:100%;--awb-order-small:0;--awb-spacing-right-small:1.92%;--awb-spacing-left-small:1.92%;\"><div class=\"fusion-column-wrapper fusion-column-has-shadow fusion-flex-justify-content-flex-start fusion-content-layout-column\"><\/div><\/div><\/div><\/div><div class=\"fusion-fullwidth fullwidth-box fusion-builder-row-13 fusion-flex-container nonhundred-percent-fullwidth non-hundred-percent-height-scrolling\" style=\"--awb-border-radius-top-left:0px;--awb-border-radius-top-right:0px;--awb-border-radius-bottom-right:0px;--awb-border-radius-bottom-left:0px;\" ><div class=\"fusion-builder-row fusion-row fusion-flex-align-items-flex-start\" style=\"max-width:1248px;margin-left: calc(-4% \/ 2 );margin-right: calc(-4% \/ 2 );\"><div class=\"fusion-layout-column fusion_builder_column fusion-builder-column-12 fusion_builder_column_1_1 1_1 fusion-flex-column\" style=\"--awb-bg-size:cover;--awb-width-large:100%;--awb-spacing-right-large:1.92%;--awb-spacing-left-large:1.92%;--awb-width-medium:100%;--awb-order-medium:0;--awb-spacing-right-medium:1.92%;--awb-spacing-left-medium:1.92%;--awb-width-small:100%;--awb-order-small:0;--awb-spacing-right-small:1.92%;--awb-spacing-left-small:1.92%;\"><div class=\"fusion-column-wrapper fusion-column-has-shadow fusion-flex-justify-content-flex-start fusion-content-layout-column\"><div class=\"fusion-text fusion-text-13\" style=\"--awb-font-size:16px;--awb-text-transform:none;--awb-margin-top:10px;--awb-text-font-family:Arial, Helvetica, sans-serif;--awb-text-font-style:normal;--awb-text-font-weight:400;\"><p>Ind\u00edgenas machiguenga en Boca Manu, entrada al Parque Nacional del Manu.<\/p>\n<\/div><\/div><\/div><\/div><\/div><div class=\"fusion-fullwidth fullwidth-box fusion-builder-row-14 fusion-flex-container nonhundred-percent-fullwidth non-hundred-percent-height-scrolling\" style=\"--awb-border-radius-top-left:0px;--awb-border-radius-top-right:0px;--awb-border-radius-bottom-right:0px;--awb-border-radius-bottom-left:0px;--awb-padding-right:30%;--awb-padding-left:30%;--awb-padding-right-small:10%;--awb-padding-left-small:10%;\" ><div class=\"fusion-builder-row fusion-row fusion-flex-align-items-flex-start\" style=\"max-width:1248px;margin-left: calc(-4% \/ 2 );margin-right: calc(-4% \/ 2 );\"><div class=\"fusion-layout-column fusion_builder_column fusion-builder-column-13 fusion_builder_column_1_1 1_1 fusion-flex-column\" style=\"--awb-bg-size:cover;--awb-width-large:100%;--awb-spacing-right-large:1.92%;--awb-spacing-left-large:1.92%;--awb-width-medium:100%;--awb-order-medium:0;--awb-spacing-right-medium:1.92%;--awb-spacing-left-medium:1.92%;--awb-width-small:100%;--awb-order-small:0;--awb-spacing-right-small:1.92%;--awb-spacing-left-small:1.92%;\"><div class=\"fusion-column-wrapper fusion-column-has-shadow fusion-flex-justify-content-flex-start fusion-content-layout-column\"><div class=\"fusion-separator fusion-full-width-sep\" style=\"align-self: center;margin-left: auto;margin-right: auto;margin-top:10px;margin-bottom:10px;width:100%;\"><\/div><\/div><\/div><div class=\"fusion-layout-column fusion_builder_column fusion-builder-column-14 fusion_builder_column_1_1 1_1 fusion-flex-column\" style=\"--awb-bg-size:cover;--awb-width-large:100%;--awb-spacing-right-large:1.92%;--awb-spacing-left-large:1.92%;--awb-width-medium:100%;--awb-order-medium:0;--awb-spacing-right-medium:1.92%;--awb-spacing-left-medium:1.92%;--awb-width-small:100%;--awb-order-small:0;--awb-spacing-right-small:1.92%;--awb-spacing-left-small:1.92%;\"><div class=\"fusion-column-wrapper fusion-column-has-shadow fusion-flex-justify-content-flex-start fusion-content-layout-column\"><div class=\"fusion-title title fusion-title-5 fusion-sep-none fusion-title-text fusion-title-size-three\"><h3 class=\"title-heading-left fusion-responsive-typography-calculated\" style=\"margin:0;--fontSize:24;--minFontSize:24;line-height:1.3;\">\u00bfQu\u00e9 est\u00e1 pendiente?<\/h3><\/div><div class=\"fusion-text fusion-text-14\" style=\"--awb-text-transform:none;\"><p>Melissa S\u00e1nchez, resalt\u00f3 adem\u00e1s que el 2019, con apoyo de la SPDA, el Ministerio de Cultura dise\u00f1\u00f3 y aprob\u00f3 un r\u00e9gimen que permite sancionar a quienes ponen en riesgo la vida de los PIACI. Ello fortalece la protecci\u00f3n de las reservas territoriales e ind\u00edgenas, menciona, pero a\u00fan quedan aspectos que deben ser priorizados por este Gobierno.<\/p>\n<p>\u201cSi bien la aprobaci\u00f3n de este R\u00e9gimen Sancionador resulta clave para fortalecer la potestad sancionadora del Mincul, todav\u00eda se evidencia la necesidad de contar con mayores recursos humanos y financieros, y con un sistema articulado que re\u00fana a las ocho reservas territoriales e ind\u00edgenas. Ello permitir\u00eda mejorar la vigilancia en las m\u00e1s de 4 millones de hect\u00e1reas que se encuentran bajo protecci\u00f3n y responder con celeridad a las amenazas a las que estos grupos humanos son sometidos\u201d, afirm\u00f3.<\/p>\n<p>Finalmente, resalt\u00f3 que \u201ca\u00fan continua pendiente la modificaci\u00f3n de la \u2018Ley PIACI\u2019 de acuerdo al Proyecto de Ley 4044\/2018-CR, que contempla, entre otras medidas, la intangibilidad absoluta de las reservas, medida que urge ser implementada si se quiere lograr una protecci\u00f3n real de los PIACI\u201d.<\/p>\n<\/div><div class=\"fusion-separator fusion-full-width-sep\" style=\"align-self: center;margin-left: auto;margin-right: auto;margin-top:10px;margin-bottom:10px;width:100%;\"><\/div><div class=\"fusion-separator fusion-full-width-sep\" style=\"align-self: center;margin-left: auto;margin-right: auto;margin-top:10px;margin-bottom:10px;width:100%;\"><\/div><\/div><\/div><\/div><\/div><\/p>\n","protected":false},"excerpt":{"rendered":"<p>En noviembre pasado los mashco piro, una etnia que vive en aislamiento voluntario, atac\u00f3 a una familia mastanahua en Pur\u00fas (Ucayali). Este hecho se sum\u00f3 a otros ataques pasados que han causado temor entre las poblaciones ind\u00edgenas que habitan en la Amazon\u00eda de Madre de Dios y Ucayali.<\/p>\n","protected":false},"author":1,"featured_media":517,"comment_status":"open","ping_status":"open","sticky":false,"template":"","format":"standard","meta":{"footnotes":""},"categories":[5,27],"tags":[],"class_list":["post-509","post","type-post","status-publish","format-standard","has-post-thumbnail","hentry","category-notas","category-slider"],"yoast_head":"<!-- This site is optimized with the Yoast SEO plugin v25.0 - https:\/\/yoast.com\/wordpress\/plugins\/seo\/ -->\n<title>\u00bfPor qu\u00e9 aumentaron los encuentros con ind\u00edgenas en aislamiento? - PUR\u00daS MANU<\/title>\n<meta name=\"robots\" content=\"index, follow, max-snippet:-1, max-image-preview:large, max-video-preview:-1\" \/>\n<link rel=\"canonical\" href=\"https:\/\/www.actualidadambiental.pe\/mosaico-purus-manu\/por-que-aumentaron-los-encuentros-con-indigenas-en-aislamiento-en-ucayali-y-madre-de-dios\/\" \/>\n<meta property=\"og:locale\" content=\"es_ES\" \/>\n<meta property=\"og:type\" content=\"article\" \/>\n<meta property=\"og:title\" content=\"\u00bfPor qu\u00e9 aumentaron los encuentros con ind\u00edgenas en aislamiento? - PUR\u00daS MANU\" \/>\n<meta property=\"og:description\" content=\"En noviembre pasado los mashco piro, una etnia que vive en aislamiento voluntario, atac\u00f3 a una familia mastanahua en Pur\u00fas (Ucayali). Este hecho se sum\u00f3 a otros ataques pasados que han causado temor entre las poblaciones ind\u00edgenas que habitan en la Amazon\u00eda de Madre de Dios y Ucayali.\" \/>\n<meta property=\"og:url\" content=\"https:\/\/www.actualidadambiental.pe\/mosaico-purus-manu\/por-que-aumentaron-los-encuentros-con-indigenas-en-aislamiento-en-ucayali-y-madre-de-dios\/\" \/>\n<meta property=\"og:site_name\" content=\"PUR\u00daS MANU\" \/>\n<meta property=\"article:published_time\" content=\"2021-11-08T00:44:48+00:00\" \/>\n<meta property=\"article:modified_time\" content=\"2022-03-01T17:33:33+00:00\" \/>\n<meta property=\"og:image\" content=\"https:\/\/www.actualidadambiental.pe\/mosaico-purus-manu\/wp-content\/uploads\/2021\/12\/piaci-drone-manu.jpg\" \/>\n\t<meta property=\"og:image:width\" content=\"1501\" \/>\n\t<meta property=\"og:image:height\" content=\"1000\" \/>\n\t<meta property=\"og:image:type\" content=\"image\/jpeg\" \/>\n<meta name=\"author\" content=\"reytuerto\" \/>\n<meta name=\"twitter:card\" content=\"summary_large_image\" \/>\n<meta name=\"twitter:label1\" content=\"Escrito por\" \/>\n\t<meta name=\"twitter:data1\" content=\"reytuerto\" \/>\n\t<meta name=\"twitter:label2\" content=\"Tiempo de lectura\" \/>\n\t<meta name=\"twitter:data2\" content=\"61 minutos\" \/>\n<script type=\"application\/ld+json\" class=\"yoast-schema-graph\">{\"@context\":\"https:\/\/schema.org\",\"@graph\":[{\"@type\":\"WebPage\",\"@id\":\"https:\/\/www.actualidadambiental.pe\/mosaico-purus-manu\/por-que-aumentaron-los-encuentros-con-indigenas-en-aislamiento-en-ucayali-y-madre-de-dios\/\",\"url\":\"https:\/\/www.actualidadambiental.pe\/mosaico-purus-manu\/por-que-aumentaron-los-encuentros-con-indigenas-en-aislamiento-en-ucayali-y-madre-de-dios\/\",\"name\":\"\u00bfPor qu\u00e9 aumentaron los encuentros con ind\u00edgenas en aislamiento? - PUR\u00daS MANU\",\"isPartOf\":{\"@id\":\"https:\/\/www.actualidadambiental.pe\/mosaico-purus-manu\/#website\"},\"primaryImageOfPage\":{\"@id\":\"https:\/\/www.actualidadambiental.pe\/mosaico-purus-manu\/por-que-aumentaron-los-encuentros-con-indigenas-en-aislamiento-en-ucayali-y-madre-de-dios\/#primaryimage\"},\"image\":{\"@id\":\"https:\/\/www.actualidadambiental.pe\/mosaico-purus-manu\/por-que-aumentaron-los-encuentros-con-indigenas-en-aislamiento-en-ucayali-y-madre-de-dios\/#primaryimage\"},\"thumbnailUrl\":\"https:\/\/www.actualidadambiental.pe\/mosaico-purus-manu\/wp-content\/uploads\/2021\/12\/piaci-drone-manu.jpg\",\"datePublished\":\"2021-11-08T00:44:48+00:00\",\"dateModified\":\"2022-03-01T17:33:33+00:00\",\"author\":{\"@id\":\"https:\/\/www.actualidadambiental.pe\/mosaico-purus-manu\/#\/schema\/person\/2e25a6b3d0dff4063ebc64118d49150d\"},\"breadcrumb\":{\"@id\":\"https:\/\/www.actualidadambiental.pe\/mosaico-purus-manu\/por-que-aumentaron-los-encuentros-con-indigenas-en-aislamiento-en-ucayali-y-madre-de-dios\/#breadcrumb\"},\"inLanguage\":\"es\",\"potentialAction\":[{\"@type\":\"ReadAction\",\"target\":[\"https:\/\/www.actualidadambiental.pe\/mosaico-purus-manu\/por-que-aumentaron-los-encuentros-con-indigenas-en-aislamiento-en-ucayali-y-madre-de-dios\/\"]}]},{\"@type\":\"ImageObject\",\"inLanguage\":\"es\",\"@id\":\"https:\/\/www.actualidadambiental.pe\/mosaico-purus-manu\/por-que-aumentaron-los-encuentros-con-indigenas-en-aislamiento-en-ucayali-y-madre-de-dios\/#primaryimage\",\"url\":\"https:\/\/www.actualidadambiental.pe\/mosaico-purus-manu\/wp-content\/uploads\/2021\/12\/piaci-drone-manu.jpg\",\"contentUrl\":\"https:\/\/www.actualidadambiental.pe\/mosaico-purus-manu\/wp-content\/uploads\/2021\/12\/piaci-drone-manu.jpg\",\"width\":1501,\"height\":1000},{\"@type\":\"BreadcrumbList\",\"@id\":\"https:\/\/www.actualidadambiental.pe\/mosaico-purus-manu\/por-que-aumentaron-los-encuentros-con-indigenas-en-aislamiento-en-ucayali-y-madre-de-dios\/#breadcrumb\",\"itemListElement\":[{\"@type\":\"ListItem\",\"position\":1,\"name\":\"Portada\",\"item\":\"https:\/\/www.actualidadambiental.pe\/mosaico-purus-manu\/\"},{\"@type\":\"ListItem\",\"position\":2,\"name\":\"\u00bfPor qu\u00e9 aumentaron los encuentros con ind\u00edgenas en aislamiento?\"}]},{\"@type\":\"WebSite\",\"@id\":\"https:\/\/www.actualidadambiental.pe\/mosaico-purus-manu\/#website\",\"url\":\"https:\/\/www.actualidadambiental.pe\/mosaico-purus-manu\/\",\"name\":\"PUR\u00daS MANU\",\"description\":\"Historias desde el coraz\u00f3n del mosaico\",\"potentialAction\":[{\"@type\":\"SearchAction\",\"target\":{\"@type\":\"EntryPoint\",\"urlTemplate\":\"https:\/\/www.actualidadambiental.pe\/mosaico-purus-manu\/?s={search_term_string}\"},\"query-input\":{\"@type\":\"PropertyValueSpecification\",\"valueRequired\":true,\"valueName\":\"search_term_string\"}}],\"inLanguage\":\"es\"},{\"@type\":\"Person\",\"@id\":\"https:\/\/www.actualidadambiental.pe\/mosaico-purus-manu\/#\/schema\/person\/2e25a6b3d0dff4063ebc64118d49150d\",\"name\":\"reytuerto\",\"image\":{\"@type\":\"ImageObject\",\"inLanguage\":\"es\",\"@id\":\"https:\/\/www.actualidadambiental.pe\/mosaico-purus-manu\/#\/schema\/person\/image\/\",\"url\":\"https:\/\/secure.gravatar.com\/avatar\/d45f728170068a3455dc4b3c054092458ca3ce19c9e42c5ac429d35997b917b5?s=96&d=mm&r=g\",\"contentUrl\":\"https:\/\/secure.gravatar.com\/avatar\/d45f728170068a3455dc4b3c054092458ca3ce19c9e42c5ac429d35997b917b5?s=96&d=mm&r=g\",\"caption\":\"reytuerto\"},\"sameAs\":[\"https:\/\/moderam.net\/revistaweb\"],\"url\":\"https:\/\/www.actualidadambiental.pe\/mosaico-purus-manu\/author\/reytuerto\/\"}]}<\/script>\n<!-- \/ Yoast SEO plugin. -->","yoast_head_json":{"title":"\u00bfPor qu\u00e9 aumentaron los encuentros con ind\u00edgenas en aislamiento? - PUR\u00daS MANU","robots":{"index":"index","follow":"follow","max-snippet":"max-snippet:-1","max-image-preview":"max-image-preview:large","max-video-preview":"max-video-preview:-1"},"canonical":"https:\/\/www.actualidadambiental.pe\/mosaico-purus-manu\/por-que-aumentaron-los-encuentros-con-indigenas-en-aislamiento-en-ucayali-y-madre-de-dios\/","og_locale":"es_ES","og_type":"article","og_title":"\u00bfPor qu\u00e9 aumentaron los encuentros con ind\u00edgenas en aislamiento? - PUR\u00daS MANU","og_description":"En noviembre pasado los mashco piro, una etnia que vive en aislamiento voluntario, atac\u00f3 a una familia mastanahua en Pur\u00fas (Ucayali). Este hecho se sum\u00f3 a otros ataques pasados que han causado temor entre las poblaciones ind\u00edgenas que habitan en la Amazon\u00eda de Madre de Dios y Ucayali.","og_url":"https:\/\/www.actualidadambiental.pe\/mosaico-purus-manu\/por-que-aumentaron-los-encuentros-con-indigenas-en-aislamiento-en-ucayali-y-madre-de-dios\/","og_site_name":"PUR\u00daS MANU","article_published_time":"2021-11-08T00:44:48+00:00","article_modified_time":"2022-03-01T17:33:33+00:00","og_image":[{"width":1501,"height":1000,"url":"https:\/\/www.actualidadambiental.pe\/mosaico-purus-manu\/wp-content\/uploads\/2021\/12\/piaci-drone-manu.jpg","type":"image\/jpeg"}],"author":"reytuerto","twitter_card":"summary_large_image","twitter_misc":{"Escrito por":"reytuerto","Tiempo de lectura":"61 minutos"},"schema":{"@context":"https:\/\/schema.org","@graph":[{"@type":"WebPage","@id":"https:\/\/www.actualidadambiental.pe\/mosaico-purus-manu\/por-que-aumentaron-los-encuentros-con-indigenas-en-aislamiento-en-ucayali-y-madre-de-dios\/","url":"https:\/\/www.actualidadambiental.pe\/mosaico-purus-manu\/por-que-aumentaron-los-encuentros-con-indigenas-en-aislamiento-en-ucayali-y-madre-de-dios\/","name":"\u00bfPor qu\u00e9 aumentaron los encuentros con ind\u00edgenas en aislamiento? - PUR\u00daS MANU","isPartOf":{"@id":"https:\/\/www.actualidadambiental.pe\/mosaico-purus-manu\/#website"},"primaryImageOfPage":{"@id":"https:\/\/www.actualidadambiental.pe\/mosaico-purus-manu\/por-que-aumentaron-los-encuentros-con-indigenas-en-aislamiento-en-ucayali-y-madre-de-dios\/#primaryimage"},"image":{"@id":"https:\/\/www.actualidadambiental.pe\/mosaico-purus-manu\/por-que-aumentaron-los-encuentros-con-indigenas-en-aislamiento-en-ucayali-y-madre-de-dios\/#primaryimage"},"thumbnailUrl":"https:\/\/www.actualidadambiental.pe\/mosaico-purus-manu\/wp-content\/uploads\/2021\/12\/piaci-drone-manu.jpg","datePublished":"2021-11-08T00:44:48+00:00","dateModified":"2022-03-01T17:33:33+00:00","author":{"@id":"https:\/\/www.actualidadambiental.pe\/mosaico-purus-manu\/#\/schema\/person\/2e25a6b3d0dff4063ebc64118d49150d"},"breadcrumb":{"@id":"https:\/\/www.actualidadambiental.pe\/mosaico-purus-manu\/por-que-aumentaron-los-encuentros-con-indigenas-en-aislamiento-en-ucayali-y-madre-de-dios\/#breadcrumb"},"inLanguage":"es","potentialAction":[{"@type":"ReadAction","target":["https:\/\/www.actualidadambiental.pe\/mosaico-purus-manu\/por-que-aumentaron-los-encuentros-con-indigenas-en-aislamiento-en-ucayali-y-madre-de-dios\/"]}]},{"@type":"ImageObject","inLanguage":"es","@id":"https:\/\/www.actualidadambiental.pe\/mosaico-purus-manu\/por-que-aumentaron-los-encuentros-con-indigenas-en-aislamiento-en-ucayali-y-madre-de-dios\/#primaryimage","url":"https:\/\/www.actualidadambiental.pe\/mosaico-purus-manu\/wp-content\/uploads\/2021\/12\/piaci-drone-manu.jpg","contentUrl":"https:\/\/www.actualidadambiental.pe\/mosaico-purus-manu\/wp-content\/uploads\/2021\/12\/piaci-drone-manu.jpg","width":1501,"height":1000},{"@type":"BreadcrumbList","@id":"https:\/\/www.actualidadambiental.pe\/mosaico-purus-manu\/por-que-aumentaron-los-encuentros-con-indigenas-en-aislamiento-en-ucayali-y-madre-de-dios\/#breadcrumb","itemListElement":[{"@type":"ListItem","position":1,"name":"Portada","item":"https:\/\/www.actualidadambiental.pe\/mosaico-purus-manu\/"},{"@type":"ListItem","position":2,"name":"\u00bfPor qu\u00e9 aumentaron los encuentros con ind\u00edgenas en aislamiento?"}]},{"@type":"WebSite","@id":"https:\/\/www.actualidadambiental.pe\/mosaico-purus-manu\/#website","url":"https:\/\/www.actualidadambiental.pe\/mosaico-purus-manu\/","name":"PUR\u00daS MANU","description":"Historias desde el coraz\u00f3n del mosaico","potentialAction":[{"@type":"SearchAction","target":{"@type":"EntryPoint","urlTemplate":"https:\/\/www.actualidadambiental.pe\/mosaico-purus-manu\/?s={search_term_string}"},"query-input":{"@type":"PropertyValueSpecification","valueRequired":true,"valueName":"search_term_string"}}],"inLanguage":"es"},{"@type":"Person","@id":"https:\/\/www.actualidadambiental.pe\/mosaico-purus-manu\/#\/schema\/person\/2e25a6b3d0dff4063ebc64118d49150d","name":"reytuerto","image":{"@type":"ImageObject","inLanguage":"es","@id":"https:\/\/www.actualidadambiental.pe\/mosaico-purus-manu\/#\/schema\/person\/image\/","url":"https:\/\/secure.gravatar.com\/avatar\/d45f728170068a3455dc4b3c054092458ca3ce19c9e42c5ac429d35997b917b5?s=96&d=mm&r=g","contentUrl":"https:\/\/secure.gravatar.com\/avatar\/d45f728170068a3455dc4b3c054092458ca3ce19c9e42c5ac429d35997b917b5?s=96&d=mm&r=g","caption":"reytuerto"},"sameAs":["https:\/\/moderam.net\/revistaweb"],"url":"https:\/\/www.actualidadambiental.pe\/mosaico-purus-manu\/author\/reytuerto\/"}]}},"_links":{"self":[{"href":"https:\/\/www.actualidadambiental.pe\/mosaico-purus-manu\/wp-json\/wp\/v2\/posts\/509","targetHints":{"allow":["GET"]}}],"collection":[{"href":"https:\/\/www.actualidadambiental.pe\/mosaico-purus-manu\/wp-json\/wp\/v2\/posts"}],"about":[{"href":"https:\/\/www.actualidadambiental.pe\/mosaico-purus-manu\/wp-json\/wp\/v2\/types\/post"}],"author":[{"embeddable":true,"href":"https:\/\/www.actualidadambiental.pe\/mosaico-purus-manu\/wp-json\/wp\/v2\/users\/1"}],"replies":[{"embeddable":true,"href":"https:\/\/www.actualidadambiental.pe\/mosaico-purus-manu\/wp-json\/wp\/v2\/comments?post=509"}],"version-history":[{"count":9,"href":"https:\/\/www.actualidadambiental.pe\/mosaico-purus-manu\/wp-json\/wp\/v2\/posts\/509\/revisions"}],"predecessor-version":[{"id":1041,"href":"https:\/\/www.actualidadambiental.pe\/mosaico-purus-manu\/wp-json\/wp\/v2\/posts\/509\/revisions\/1041"}],"wp:featuredmedia":[{"embeddable":true,"href":"https:\/\/www.actualidadambiental.pe\/mosaico-purus-manu\/wp-json\/wp\/v2\/media\/517"}],"wp:attachment":[{"href":"https:\/\/www.actualidadambiental.pe\/mosaico-purus-manu\/wp-json\/wp\/v2\/media?parent=509"}],"wp:term":[{"taxonomy":"category","embeddable":true,"href":"https:\/\/www.actualidadambiental.pe\/mosaico-purus-manu\/wp-json\/wp\/v2\/categories?post=509"},{"taxonomy":"post_tag","embeddable":true,"href":"https:\/\/www.actualidadambiental.pe\/mosaico-purus-manu\/wp-json\/wp\/v2\/tags?post=509"}],"curies":[{"name":"wp","href":"https:\/\/api.w.org\/{rel}","templated":true}]}}