{"id":318,"date":"2021-12-18T03:09:27","date_gmt":"2021-12-18T08:09:27","guid":{"rendered":"https:\/\/www.actualidadambiental.pe\/mosaico-purus-manu\/?p=318"},"modified":"2022-03-01T12:32:05","modified_gmt":"2022-03-01T17:32:05","slug":"entrevista-rafael-pino","status":"publish","type":"post","link":"https:\/\/www.actualidadambiental.pe\/mosaico-purus-manu\/entrevista-rafael-pino\/","title":{"rendered":"Rafael Pino: \u201cCon las \u00e1reas protegidas se da seguridad a las familias\u201d"},"content":{"rendered":"<p><div class=\"fusion-fullwidth fullwidth-box fusion-builder-row-1 fusion-flex-container fusion-parallax-fixed hundred-percent-fullwidth hundred-percent-height hundred-percent-height-center-content non-hundred-percent-height-scrolling\" style=\"--awb-border-radius-top-left:0px;--awb-border-radius-top-right:0px;--awb-border-radius-bottom-right:0px;--awb-border-radius-bottom-left:0px;--awb-background-image:url(&quot;https:\/\/www.actualidadambiental.pe\/mosaico-purus-manu\/wp-content\/uploads\/2021\/12\/teparo-mano-tortuga-purus.jpg&quot;);--awb-background-size:cover;background-attachment:fixed;\" ><div class=\"fusion-builder-row fusion-row fusion-flex-align-items-flex-start\" style=\"width:104% !important;max-width:104% !important;margin-left: calc(-4% \/ 2 );margin-right: calc(-4% \/ 2 );\"><div class=\"fusion-layout-column fusion_builder_column fusion-builder-column-0 fusion_builder_column_1_2 1_2 fusion-flex-column fusion-flex-align-self-flex-end\" style=\"--awb-padding-left:5%;--awb-bg-size:cover;--awb-width-large:50%;--awb-spacing-right-large:3.84%;--awb-spacing-left-large:3.84%;--awb-width-medium:50%;--awb-order-medium:0;--awb-spacing-right-medium:3.84%;--awb-spacing-left-medium:3.84%;--awb-width-small:100%;--awb-order-small:0;--awb-spacing-right-small:1.92%;--awb-spacing-left-small:1.92%;\"><div class=\"fusion-column-wrapper fusion-column-has-shadow fusion-flex-justify-content-flex-end fusion-content-layout-column\"><div class=\"fusion-separator fusion-full-width-sep\" style=\"align-self: center;margin-left: auto;margin-right: auto;margin-top:10%;width:100%;\"><\/div><div class=\"fusion-text fusion-text-1\" style=\"--awb-font-size:18px;--awb-text-transform:none;--awb-text-color:#ffffff;--awb-text-font-family:&quot;Oswald&quot;;--awb-text-font-style:normal;--awb-text-font-weight:400;\"><h1>Rafael Pino: \u00abCon las \u00e1reas protegidas se da seguridad a las familias\u00bb<\/h1>\n<\/div><div class=\"fusion-text fusion-text-2\" style=\"--awb-text-transform:none;--awb-text-color:#ffffff;\"><p>Jefe de la Reserva Comunal Amarakaeri comparte sus experiencias e ideas con respecto al rol de la RCA para el desarrollo intercultural local, la pandemia y m\u00e1s.<\/p>\n<\/div><div class=\"fusion-separator fusion-full-width-sep\" style=\"align-self: center;margin-left: auto;margin-right: auto;margin-top:10%;width:100%;\"><\/div><\/div><\/div><\/div><\/div><div class=\"fusion-fullwidth fullwidth-box fusion-builder-row-2 fusion-flex-container nonhundred-percent-fullwidth non-hundred-percent-height-scrolling\" style=\"--awb-border-radius-top-left:0px;--awb-border-radius-top-right:0px;--awb-border-radius-bottom-right:0px;--awb-border-radius-bottom-left:0px;\" ><div class=\"fusion-builder-row fusion-row fusion-flex-align-items-flex-start\" style=\"max-width:1248px;margin-left: calc(-4% \/ 2 );margin-right: calc(-4% \/ 2 );\"><div class=\"fusion-layout-column fusion_builder_column fusion-builder-column-1 fusion_builder_column_1_1 1_1 fusion-flex-column\" style=\"--awb-bg-size:cover;--awb-width-large:100%;--awb-spacing-right-large:1.92%;--awb-spacing-left-large:1.92%;--awb-width-medium:100%;--awb-order-medium:0;--awb-spacing-right-medium:1.92%;--awb-spacing-left-medium:1.92%;--awb-width-small:100%;--awb-order-small:0;--awb-spacing-right-small:1.92%;--awb-spacing-left-small:1.92%;\"><div class=\"fusion-column-wrapper fusion-column-has-shadow fusion-flex-justify-content-flex-start fusion-content-layout-column\"><div class=\"fusion-separator fusion-full-width-sep\" style=\"align-self: center;margin-left: auto;margin-right: auto;margin-top:10px;margin-bottom:10px;width:100%;\"><\/div><\/div><\/div><\/div><\/div><div class=\"fusion-fullwidth fullwidth-box fusion-builder-row-3 fusion-flex-container nonhundred-percent-fullwidth non-hundred-percent-height-scrolling\" style=\"--awb-border-radius-top-left:0px;--awb-border-radius-top-right:0px;--awb-border-radius-bottom-right:0px;--awb-border-radius-bottom-left:0px;--awb-padding-right:30%;--awb-padding-left:30%;--awb-padding-right-small:10%;--awb-padding-left-small:10%;--awb-background-color:#ffffff;\" ><div class=\"fusion-builder-row fusion-row fusion-flex-align-items-flex-start\" style=\"max-width:1248px;margin-left: calc(-4% \/ 2 );margin-right: calc(-4% \/ 2 );\"><div class=\"fusion-layout-column fusion_builder_column fusion-builder-column-2 fusion_builder_column_1_1 1_1 fusion-flex-column\" style=\"--awb-bg-color:#ffffff;--awb-bg-size:cover;--awb-width-large:100%;--awb-spacing-right-large:1.92%;--awb-spacing-left-large:1.92%;--awb-width-medium:100%;--awb-order-medium:0;--awb-spacing-right-medium:1.92%;--awb-spacing-left-medium:1.92%;--awb-width-small:100%;--awb-order-small:0;--awb-spacing-right-small:1.92%;--awb-spacing-left-small:1.92%;\"><div class=\"fusion-column-wrapper fusion-column-has-shadow fusion-flex-justify-content-flex-start fusion-content-layout-column\"><div class=\"fusion-separator fusion-full-width-sep\" style=\"align-self: center;margin-left: auto;margin-right: auto;margin-top:10px;margin-bottom:10px;width:100%;\"><\/div><div class=\"fusion-text fusion-text-3\" style=\"--awb-text-transform:none;\"><p>La Reserva Comunal Pur\u00fas es un \u00e1rea natural protegida que abarca territorios de las provincias de Tahuamanu (Madre de Dios) y Pur\u00fas (Ucayali). Su creaci\u00f3n tiene como fin conservar la diversidad biol\u00f3gica de la zona y fomentar el manejo sostenible de los recursos naturales para beneficio de las poblaciones locales, especialmente pueblos ind\u00edgenas.<\/p>\n<p>Alrededor de esta reserva de 202 033.21 hect\u00e1reas habitan 47 comunidades ind\u00edgenas de siete etnias: cashinahua, sharanahua, culina, mastanahua, ashaninka, amahuaca y yine. Y estas poblaciones apoyan en la gesti\u00f3n del \u00e1rea de manera directa junto con el Servicio Nacional de \u00c1reas Naturales Protegidas por el Estado (Sernanp).<\/p>\n<p>En este trabajo de cogesti\u00f3n, las comunidades ind\u00edgenas (representadas por Ecopur\u00fas) aprovechan los recursos con planes de manejo y apoyan en las tareas de vigilancia, mientras que el Sernanp fortalece las capacidades locales para que toda actividad dentro del \u00e1rea se realice de la mejor manera posible, protegiendo los recursos para el futuro de las nuevas generaciones.<\/p>\n<p>En este trabajo coordinado se ha logrado desarrollar actividades como la reproducci\u00f3n de tortugas taricaya y el teparo, el manejo del paiche, la cosecha de semillas de caoba, la reforestaci\u00f3n con aguaje, el aprovechamiento del huasa\u00ed, entre otras.<\/p>\n<p>Conversamos con Rafael Pino, jefe del \u00e1rea protegida, para conocer el trabajo que se ha desarrollado en los \u00faltimos a\u00f1os dentro de esta reserva que colinda adem\u00e1s con el Parque Nacional Alto Pur\u00fas.<\/p>\n<\/div><div class=\"fusion-separator fusion-full-width-sep\" style=\"align-self: center;margin-left: auto;margin-right: auto;margin-top:10px;margin-bottom:10px;width:100%;\"><\/div><div class=\"fusion-text fusion-text-4\" style=\"--awb-font-size:44px;--awb-line-height:47px;--awb-text-transform:none;--awb-text-font-family:Georgia, serif;--awb-text-font-style:normal;--awb-text-font-weight:700;\"><p>Alrededor de esta reserva de 202 033.21 hect\u00e1reas habitan 47 comunidades ind\u00edgenas de siete etnias.<\/p>\n<\/div><div class=\"fusion-separator fusion-full-width-sep\" style=\"align-self: center;margin-left: auto;margin-right: auto;margin-top:10px;margin-bottom:10px;width:100%;\"><\/div><div class=\"fusion-image-element \"><span class=\" fusion-imageframe imageframe-none imageframe-1 hover-type-none\"><img decoding=\"async\" width=\"1500\" height=\"1000\" title=\"guardaparques-adriano-purus\" src=\"https:\/\/www.actualidadambiental.pe\/mosaico-purus-manu\/wp-content\/uploads\/2021\/12\/guardaparques-adriano-purus.jpg\" alt class=\"img-responsive wp-image-331\" srcset=\"https:\/\/www.actualidadambiental.pe\/mosaico-purus-manu\/wp-content\/uploads\/2021\/12\/guardaparques-adriano-purus-200x133.jpg 200w, https:\/\/www.actualidadambiental.pe\/mosaico-purus-manu\/wp-content\/uploads\/2021\/12\/guardaparques-adriano-purus-400x267.jpg 400w, https:\/\/www.actualidadambiental.pe\/mosaico-purus-manu\/wp-content\/uploads\/2021\/12\/guardaparques-adriano-purus-600x400.jpg 600w, https:\/\/www.actualidadambiental.pe\/mosaico-purus-manu\/wp-content\/uploads\/2021\/12\/guardaparques-adriano-purus-800x533.jpg 800w, https:\/\/www.actualidadambiental.pe\/mosaico-purus-manu\/wp-content\/uploads\/2021\/12\/guardaparques-adriano-purus-1200x800.jpg 1200w, https:\/\/www.actualidadambiental.pe\/mosaico-purus-manu\/wp-content\/uploads\/2021\/12\/guardaparques-adriano-purus.jpg 1500w\" sizes=\"(max-width: 640px) 100vw, 1200px\" \/><\/span><\/div><div class=\"fusion-text fusion-text-5\" style=\"--awb-font-size:16px;--awb-text-transform:none;--awb-margin-top:10px;--awb-text-font-family:Arial, Helvetica, sans-serif;--awb-text-font-style:normal;--awb-text-font-weight:400;\"><p>Desde su oficina en Puerto Esperanza, el guardaparque Adriano Mois\u00e9s de la etnia huni kuin coordina su siguiente salida a campo.<\/p>\n<\/div><\/div><\/div><\/div><\/div><div class=\"fusion-fullwidth fullwidth-box fusion-builder-row-4 fusion-flex-container nonhundred-percent-fullwidth non-hundred-percent-height-scrolling\" style=\"--awb-border-radius-top-left:0px;--awb-border-radius-top-right:0px;--awb-border-radius-bottom-right:0px;--awb-border-radius-bottom-left:0px;--awb-padding-right:30%;--awb-padding-left:30%;--awb-padding-right-small:10%;--awb-padding-left-small:10%;\" ><div class=\"fusion-builder-row fusion-row fusion-flex-align-items-flex-start\" style=\"max-width:1248px;margin-left: calc(-4% \/ 2 );margin-right: calc(-4% \/ 2 );\"><div class=\"fusion-layout-column fusion_builder_column fusion-builder-column-3 fusion_builder_column_1_1 1_1 fusion-flex-column\" style=\"--awb-bg-size:cover;--awb-width-large:100%;--awb-spacing-right-large:1.92%;--awb-spacing-left-large:1.92%;--awb-width-medium:100%;--awb-order-medium:0;--awb-spacing-right-medium:1.92%;--awb-spacing-left-medium:1.92%;--awb-width-small:100%;--awb-order-small:0;--awb-spacing-right-small:1.92%;--awb-spacing-left-small:1.92%;\"><div class=\"fusion-column-wrapper fusion-column-has-shadow fusion-flex-justify-content-flex-start fusion-content-layout-column\"><div class=\"fusion-title title fusion-title-1 fusion-sep-none fusion-title-text fusion-title-size-three\"><h3 class=\"title-heading-left fusion-responsive-typography-calculated\" style=\"margin:0;--fontSize:24;--minFontSize:24;line-height:1.3;\">\u00bfCu\u00e1l es la importancia de la Reserva Comunal Pur\u00fas (RCP)?<\/h3><\/div><div class=\"fusion-text fusion-text-6\" style=\"--awb-text-transform:none;\"><p><em>La RCP conserva la biodiversidad para el beneficio local. Es un medio donde las personas que viven cerca pueden abastecerse de productos como del mercado cuando uno recolecta frutos o carne. De aqu\u00ed sacan productos de pesca, fibras, materiales para construcci\u00f3n de casas, para sus vestimentas, artesan\u00edas y tambi\u00e9n para la medicina natural.<\/em><\/p>\n<p><em>La RCP junto con el Parque Nacional Alto Pur\u00fas son una fuente importante de productos de primera necesidad. Si el Estado no hubiese hecho nada para conservarlo quiz\u00e1s tendremos hoy una poblaci\u00f3n ind\u00edgena preocupada por saber d\u00f3nde obtener recursos. Con las \u00e1reas protegidas en Pur\u00fas se est\u00e1 dando la seguridad a las familias. Estamos hablando de m\u00e1s de 3500 personas que se benefician con estos recursos.<\/em><\/p>\n<\/div><div class=\"fusion-separator fusion-full-width-sep\" style=\"align-self: center;margin-left: auto;margin-right: auto;margin-top:10px;margin-bottom:10px;width:100%;\"><\/div><\/div><\/div><\/div><\/div><div class=\"fusion-fullwidth fullwidth-box fusion-builder-row-5 fusion-flex-container fusion-parallax-none hundred-percent-fullwidth hundred-percent-height hundred-percent-height-center-content non-hundred-percent-height-scrolling\" style=\"--awb-border-radius-top-left:0px;--awb-border-radius-top-right:0px;--awb-border-radius-bottom-right:0px;--awb-border-radius-bottom-left:0px;--awb-background-image:url(&quot;https:\/\/www.actualidadambiental.pe\/mosaico-purus-manu\/wp-content\/uploads\/2021\/12\/reunion-comunal-purus.jpg&quot;);--awb-background-size:cover;\" ><div class=\"fusion-builder-row fusion-row fusion-flex-align-items-flex-start\" style=\"width:104% !important;max-width:104% !important;margin-left: calc(-4% \/ 2 );margin-right: calc(-4% \/ 2 );\"><div class=\"fusion-layout-column fusion_builder_column fusion-builder-column-4 fusion_builder_column_1_1 1_1 fusion-flex-column\" style=\"--awb-bg-size:cover;--awb-width-large:100%;--awb-spacing-right-large:1.92%;--awb-spacing-left-large:1.92%;--awb-width-medium:100%;--awb-order-medium:0;--awb-spacing-right-medium:1.92%;--awb-spacing-left-medium:1.92%;--awb-width-small:100%;--awb-order-small:0;--awb-spacing-right-small:1.92%;--awb-spacing-left-small:1.92%;\"><div class=\"fusion-column-wrapper fusion-column-has-shadow fusion-flex-justify-content-flex-start fusion-content-layout-column\"><\/div><\/div><\/div><\/div><div class=\"fusion-fullwidth fullwidth-box fusion-builder-row-6 fusion-flex-container nonhundred-percent-fullwidth non-hundred-percent-height-scrolling\" style=\"--awb-border-radius-top-left:0px;--awb-border-radius-top-right:0px;--awb-border-radius-bottom-right:0px;--awb-border-radius-bottom-left:0px;\" ><div class=\"fusion-builder-row fusion-row fusion-flex-align-items-flex-start\" style=\"max-width:1248px;margin-left: calc(-4% \/ 2 );margin-right: calc(-4% \/ 2 );\"><div class=\"fusion-layout-column fusion_builder_column fusion-builder-column-5 fusion_builder_column_1_1 1_1 fusion-flex-column fusion-flex-align-self-center\" style=\"--awb-bg-size:cover;--awb-width-large:100%;--awb-spacing-right-large:1.92%;--awb-spacing-left-large:1.92%;--awb-width-medium:100%;--awb-order-medium:0;--awb-spacing-right-medium:1.92%;--awb-spacing-left-medium:1.92%;--awb-width-small:100%;--awb-order-small:0;--awb-spacing-right-small:1.92%;--awb-spacing-left-small:1.92%;\"><div class=\"fusion-column-wrapper fusion-column-has-shadow fusion-flex-justify-content-flex-start fusion-content-layout-column\"><div class=\"fusion-text fusion-text-7\" style=\"--awb-font-size:16px;--awb-text-transform:none;--awb-margin-top:10px;--awb-text-font-family:Arial, Helvetica, sans-serif;--awb-text-font-style:normal;--awb-text-font-weight:400;\"><p style=\"text-align: center;\">Reuni\u00f3n de mujeres artesanas en la comunidad nativa Nuevo San Mart\u00edn, previa a una capacitaci\u00f3n dirigida por FZS.<\/p>\n<\/div><\/div><\/div><\/div><\/div><div class=\"fusion-fullwidth fullwidth-box fusion-builder-row-7 fusion-flex-container nonhundred-percent-fullwidth non-hundred-percent-height-scrolling\" style=\"--awb-border-radius-top-left:0px;--awb-border-radius-top-right:0px;--awb-border-radius-bottom-right:0px;--awb-border-radius-bottom-left:0px;\" ><div class=\"fusion-builder-row fusion-row fusion-flex-align-items-flex-start\" style=\"max-width:1248px;margin-left: calc(-4% \/ 2 );margin-right: calc(-4% \/ 2 );\"><div class=\"fusion-layout-column fusion_builder_column fusion-builder-column-6 fusion_builder_column_1_1 1_1 fusion-flex-column\" style=\"--awb-bg-size:cover;--awb-width-large:100%;--awb-spacing-right-large:1.92%;--awb-spacing-left-large:1.92%;--awb-width-medium:100%;--awb-order-medium:0;--awb-spacing-right-medium:1.92%;--awb-spacing-left-medium:1.92%;--awb-width-small:100%;--awb-order-small:0;--awb-spacing-right-small:1.92%;--awb-spacing-left-small:1.92%;\"><div class=\"fusion-column-wrapper fusion-column-has-shadow fusion-flex-justify-content-flex-start fusion-content-layout-column\"><div class=\"fusion-separator fusion-full-width-sep\" style=\"align-self: center;margin-left: auto;margin-right: auto;margin-top:10%;width:100%;\"><\/div><\/div><\/div><\/div><\/div><div class=\"fusion-fullwidth fullwidth-box fusion-builder-row-8 fusion-flex-container nonhundred-percent-fullwidth non-hundred-percent-height-scrolling\" style=\"--awb-border-radius-top-left:0px;--awb-border-radius-top-right:0px;--awb-border-radius-bottom-right:0px;--awb-border-radius-bottom-left:0px;--awb-padding-right:30%;--awb-padding-left:30%;--awb-padding-right-small:10%;--awb-padding-left-small:10%;\" ><div class=\"fusion-builder-row fusion-row fusion-flex-align-items-flex-start\" style=\"max-width:1248px;margin-left: calc(-4% \/ 2 );margin-right: calc(-4% \/ 2 );\"><div class=\"fusion-layout-column fusion_builder_column fusion-builder-column-7 fusion_builder_column_1_1 1_1 fusion-flex-column\" style=\"--awb-bg-size:cover;--awb-width-large:100%;--awb-spacing-right-large:1.92%;--awb-spacing-left-large:1.92%;--awb-width-medium:100%;--awb-order-medium:0;--awb-spacing-right-medium:1.92%;--awb-spacing-left-medium:1.92%;--awb-width-small:100%;--awb-order-small:0;--awb-spacing-right-small:1.92%;--awb-spacing-left-small:1.92%;\"><div class=\"fusion-column-wrapper fusion-column-has-shadow fusion-flex-justify-content-flex-start fusion-content-layout-column\"><div class=\"fusion-title title fusion-title-2 fusion-sep-none fusion-title-text fusion-title-size-three\"><h3 class=\"title-heading-left fusion-responsive-typography-calculated\" style=\"margin:0;--fontSize:24;--minFontSize:24;line-height:1.3;\">La RCP trabaja directamente con las comunidades ind\u00edgenas. \u00bfC\u00f3mo se desarrolla esa interacci\u00f3n?<\/h3><\/div><div class=\"fusion-text fusion-text-8\" style=\"--awb-text-transform:none;\"><p><em>En primer lugar, tenemos nuestro interlocutor o gestor que es Ecopur\u00fas, reconocido por el Sernap. Por ello es que todos los proyectos que tenemos, todas las actividades y los planes a futuro que se tienen son antes consultados con Ecopur\u00fas, que asocia a todas las comunidades ind\u00edgenas alrededor de la reserva, incluso el Plan Maestro est\u00e1 en base a sus aspiraciones y su visi\u00f3n, al igual que los planes operativos anuales. Y cuando se tienen nuevas propuestas o nuevos proyectos de cooperantes, por ejemplo, siempre se pasa por consulta de ellos para que planifiquemos un buen proyecto, al igual al momento de rendir cuentas.<\/em><\/p>\n<p><em>Antes de la pandemia nos reun\u00edamos en asambleas donde participaban todos los l\u00edderes ind\u00edgenas y ello nos serv\u00eda para saber sus opiniones sobre lo que est\u00e1bamos haciendo, los proyectos y actividades econ\u00f3micas que estamos desarrollando. Escuch\u00e1bamos sus cr\u00edticas y sugerencias y eso nos ayudaba a corregir si es que el camino estaba equivocado. Ante la pandemia se dejaron estas asambleas y la falta de internet no nos ha permitido reunirnos de manera virtual. Hasta el d\u00eda de hoy se sigue esperando el internet en las comunidades nativas.<\/em><\/p>\n<\/div><div class=\"fusion-separator fusion-full-width-sep\" style=\"align-self: center;margin-left: auto;margin-right: auto;margin-top:10px;margin-bottom:10px;width:100%;\"><\/div><div class=\"fusion-title title fusion-title-3 fusion-sep-none fusion-title-text fusion-title-size-three\"><h3 class=\"title-heading-left fusion-responsive-typography-calculated\" style=\"margin:0;--fontSize:24;--minFontSize:24;line-height:1.3;\">\u00bfQu\u00e9 tipo de proyectos se desarrollan junto a las comunidades?<\/h3><\/div><div class=\"fusion-text fusion-text-9\" style=\"--awb-text-transform:none;\"><p><em>Se tienen varios proyectos productivos y ambientales junto con cooperantes. Por ejemplo, tenemos uno que estamos trabajando con el PNUD, relacionado a los PAE (Programas Alternativos Econ\u00f3micos). Se est\u00e1 desarrollando unas cinco cadenas productivas para producir fari\u00f1a, por ejemplo, pescado de cocha, aceite de copaiba, la producci\u00f3n de huasa\u00ed y artesan\u00edas.<\/em><\/p>\n<p><em>Otra actividad est\u00e1 relacionada con los quelonios, con la repoblaci\u00f3n de especies como las tortugas taricaya o el teparo, una parte se devuelve al r\u00edo y otra parte se comercializa.<\/em><\/p>\n<p><em>Si bien no es f\u00e1cil realizar una actividad econ\u00f3mica en un lugar donde el combustible es un poco caro, donde el acceso es caro y m\u00e1s la pandemia que no permite llevar productos, por ejemplo, a Brasil, se est\u00e1 avanzando, esa es la realidad.<\/em><\/p>\n<\/div><div class=\"fusion-separator fusion-full-width-sep\" style=\"align-self: center;margin-left: auto;margin-right: auto;margin-top:10px;margin-bottom:10px;width:100%;\"><\/div><div class=\"awb-gallery-wrapper awb-gallery-wrapper-1 button-span-no\"><div style=\"margin:-5px;--awb-bordersize:0px;\" class=\"fusion-gallery fusion-gallery-container fusion-grid-2 fusion-columns-total-2 fusion-gallery-layout-grid fusion-gallery-1\"><div style=\"padding:5px;\" class=\"fusion-grid-column fusion-gallery-column fusion-gallery-column-2 hover-type-none\"><div class=\"fusion-gallery-image\"><img decoding=\"async\" src=\"https:\/\/www.actualidadambiental.pe\/mosaico-purus-manu\/wp-content\/uploads\/2021\/12\/algodon-hunikuin-purus.jpg\" width=\"1500\" height=\"1000\" alt=\"\" title=\"algodon-hunikuin-purus\" aria-label=\"algodon-hunikuin-purus\" class=\"img-responsive wp-image-341\" srcset=\"https:\/\/www.actualidadambiental.pe\/mosaico-purus-manu\/wp-content\/uploads\/2021\/12\/algodon-hunikuin-purus-200x133.jpg 200w, https:\/\/www.actualidadambiental.pe\/mosaico-purus-manu\/wp-content\/uploads\/2021\/12\/algodon-hunikuin-purus-400x267.jpg 400w, https:\/\/www.actualidadambiental.pe\/mosaico-purus-manu\/wp-content\/uploads\/2021\/12\/algodon-hunikuin-purus-600x400.jpg 600w, https:\/\/www.actualidadambiental.pe\/mosaico-purus-manu\/wp-content\/uploads\/2021\/12\/algodon-hunikuin-purus-800x533.jpg 800w, https:\/\/www.actualidadambiental.pe\/mosaico-purus-manu\/wp-content\/uploads\/2021\/12\/algodon-hunikuin-purus-1200x800.jpg 1200w, https:\/\/www.actualidadambiental.pe\/mosaico-purus-manu\/wp-content\/uploads\/2021\/12\/algodon-hunikuin-purus.jpg 1500w\" sizes=\"(min-width: 2200px) 100vw, (min-width: 712px) 598px, (min-width: 640px) 712px, \" \/><\/div><\/div><div style=\"padding:5px;\" class=\"fusion-grid-column fusion-gallery-column fusion-gallery-column-2 hover-type-none\"><div class=\"fusion-gallery-image\"><img decoding=\"async\" src=\"https:\/\/www.actualidadambiental.pe\/mosaico-purus-manu\/wp-content\/uploads\/2021\/12\/nido-quelonios-purus.jpg\" width=\"1500\" height=\"1000\" alt=\"\" title=\"nido-quelonios-purus\" aria-label=\"nido-quelonios-purus\" class=\"img-responsive wp-image-342\" srcset=\"https:\/\/www.actualidadambiental.pe\/mosaico-purus-manu\/wp-content\/uploads\/2021\/12\/nido-quelonios-purus-200x133.jpg 200w, https:\/\/www.actualidadambiental.pe\/mosaico-purus-manu\/wp-content\/uploads\/2021\/12\/nido-quelonios-purus-400x267.jpg 400w, https:\/\/www.actualidadambiental.pe\/mosaico-purus-manu\/wp-content\/uploads\/2021\/12\/nido-quelonios-purus-600x400.jpg 600w, https:\/\/www.actualidadambiental.pe\/mosaico-purus-manu\/wp-content\/uploads\/2021\/12\/nido-quelonios-purus-800x533.jpg 800w, https:\/\/www.actualidadambiental.pe\/mosaico-purus-manu\/wp-content\/uploads\/2021\/12\/nido-quelonios-purus-1200x800.jpg 1200w, https:\/\/www.actualidadambiental.pe\/mosaico-purus-manu\/wp-content\/uploads\/2021\/12\/nido-quelonios-purus.jpg 1500w\" sizes=\"(min-width: 2200px) 100vw, (min-width: 712px) 598px, (min-width: 640px) 712px, \" \/><\/div><\/div><div class=\"clearfix\"><\/div><\/div><\/div><div class=\"fusion-text fusion-text-10\" style=\"--awb-font-size:16px;--awb-text-transform:none;--awb-margin-top:10px;--awb-text-font-family:Arial, Helvetica, sans-serif;--awb-text-font-style:normal;--awb-text-font-weight:400;\"><p style=\"text-align: left;\">Izquierda: proceso del algod\u00f3n para elaborar artesan\u00edas. Derecha: playa artificial con nidos de quelonios acu\u00e1ticos para repoblamiento y comercializaci\u00f3n.<\/p>\n<\/div><div class=\"fusion-separator fusion-full-width-sep\" style=\"align-self: center;margin-left: auto;margin-right: auto;margin-top:10px;margin-bottom:10px;width:100%;\"><\/div><div class=\"fusion-title title fusion-title-4 fusion-sep-none fusion-title-text fusion-title-size-three\"><h3 class=\"title-heading-left fusion-responsive-typography-calculated\" style=\"margin:0;--fontSize:24;--minFontSize:24;line-height:1.3;\">\u00bfCu\u00e1l ha sido la respuesta de las comunidades ante los proyectos de desarrollo?<\/h3><\/div><div class=\"fusion-text fusion-text-11\" style=\"--awb-text-transform:none;\"><p><em>Cada etnia tiene sus prioridades y sus costumbres. Con el tiempo hemos aprendido a no proponerles una actividad que a ellos no les interesa o que no conocen. Se analiza qu\u00e9 es lo que m\u00e1s dominan, qu\u00e9 es lo que m\u00e1s les gusta y lo que les hace sentir bien. Cada grupo es diferente. En el caso de pesquer\u00eda, por ejemplo, los sharanahuas responden mejor. Algunos se desenvuelven mejor en el tema de man\u00ed y otros en el huasa\u00ed. En el caso de los madij\u00e1s, son expertos en la producci\u00f3n de fari\u00f1a y venden m\u00e1s de la mitad de su producci\u00f3n a Brasil.<\/em><\/p>\n<\/div><div class=\"fusion-separator fusion-full-width-sep\" style=\"align-self: center;margin-left: auto;margin-right: auto;margin-top:10px;margin-bottom:10px;width:100%;\"><\/div><div class=\"fusion-text fusion-text-12\" style=\"--awb-font-size:44px;--awb-line-height:47px;--awb-text-transform:none;--awb-text-font-family:Georgia, serif;--awb-text-font-style:normal;--awb-text-font-weight:700;\"><p>\u00abSi bien no es f\u00e1cil realizar una actividad econ\u00f3mica en un lugar donde el combustible es un poco caro, donde el acceso es caro y m\u00e1s la pandemia que no permite llevar productos, por ejemplo, a Brasil, se est\u00e1 avanzando, esa es la realidad\u00bb.<\/p>\n<\/div><div class=\"fusion-separator fusion-full-width-sep\" style=\"align-self: center;margin-left: auto;margin-right: auto;margin-top:10px;margin-bottom:10px;width:100%;\"><\/div><\/div><\/div><\/div><\/div><div class=\"fusion-fullwidth fullwidth-box fusion-builder-row-9 fusion-flex-container nonhundred-percent-fullwidth non-hundred-percent-height-scrolling\" style=\"--awb-border-radius-top-left:0px;--awb-border-radius-top-right:0px;--awb-border-radius-bottom-right:0px;--awb-border-radius-bottom-left:0px;\" ><div class=\"fusion-builder-row fusion-row fusion-flex-align-items-flex-start\" style=\"max-width:1248px;margin-left: calc(-4% \/ 2 );margin-right: calc(-4% \/ 2 );\"><div class=\"fusion-layout-column fusion_builder_column fusion-builder-column-8 fusion_builder_column_1_1 1_1 fusion-flex-column\" style=\"--awb-bg-size:cover;--awb-width-large:100%;--awb-spacing-right-large:1.92%;--awb-spacing-left-large:1.92%;--awb-width-medium:100%;--awb-order-medium:0;--awb-spacing-right-medium:1.92%;--awb-spacing-left-medium:1.92%;--awb-width-small:100%;--awb-order-small:0;--awb-spacing-right-small:1.92%;--awb-spacing-left-small:1.92%;\"><div class=\"fusion-column-wrapper fusion-column-has-shadow fusion-flex-justify-content-flex-start fusion-content-layout-column\"><div class=\"fusion-separator fusion-full-width-sep\" style=\"align-self: center;margin-left: auto;margin-right: auto;margin-top:10%;width:100%;\"><\/div><\/div><\/div><\/div><\/div><div class=\"fusion-fullwidth fullwidth-box fusion-builder-row-10 fusion-flex-container hundred-percent-fullwidth non-hundred-percent-height-scrolling\" style=\"--awb-border-radius-top-left:0px;--awb-border-radius-top-right:0px;--awb-border-radius-bottom-right:0px;--awb-border-radius-bottom-left:0px;\" ><div class=\"fusion-builder-row fusion-row fusion-flex-align-items-flex-start\" style=\"width:104% !important;max-width:104% !important;margin-left: calc(-4% \/ 2 );margin-right: calc(-4% \/ 2 );\"><div class=\"fusion-layout-column fusion_builder_column fusion-builder-column-9 fusion_builder_column_1_1 1_1 fusion-flex-column\" style=\"--awb-bg-size:cover;--awb-width-large:100%;--awb-spacing-right-large:1.92%;--awb-spacing-left-large:1.92%;--awb-width-medium:100%;--awb-order-medium:0;--awb-spacing-right-medium:1.92%;--awb-spacing-left-medium:1.92%;--awb-width-small:100%;--awb-order-small:0;--awb-spacing-right-small:1.92%;--awb-spacing-left-small:1.92%;\"><div class=\"fusion-column-wrapper fusion-column-has-shadow fusion-flex-justify-content-flex-start fusion-content-layout-column\"><div class=\"fusion-image-element \" style=\"text-align:center;\"><span class=\" fusion-imageframe imageframe-none imageframe-2 hover-type-none\"><img decoding=\"async\" width=\"1500\" height=\"1000\" title=\"avioneta-purus-transporte\" src=\"https:\/\/www.actualidadambiental.pe\/mosaico-purus-manu\/wp-content\/uploads\/2021\/12\/avioneta-purus-transporte.jpg\" alt class=\"img-responsive wp-image-345\" srcset=\"https:\/\/www.actualidadambiental.pe\/mosaico-purus-manu\/wp-content\/uploads\/2021\/12\/avioneta-purus-transporte-200x133.jpg 200w, https:\/\/www.actualidadambiental.pe\/mosaico-purus-manu\/wp-content\/uploads\/2021\/12\/avioneta-purus-transporte-400x267.jpg 400w, https:\/\/www.actualidadambiental.pe\/mosaico-purus-manu\/wp-content\/uploads\/2021\/12\/avioneta-purus-transporte-600x400.jpg 600w, https:\/\/www.actualidadambiental.pe\/mosaico-purus-manu\/wp-content\/uploads\/2021\/12\/avioneta-purus-transporte-800x533.jpg 800w, https:\/\/www.actualidadambiental.pe\/mosaico-purus-manu\/wp-content\/uploads\/2021\/12\/avioneta-purus-transporte-1200x800.jpg 1200w, https:\/\/www.actualidadambiental.pe\/mosaico-purus-manu\/wp-content\/uploads\/2021\/12\/avioneta-purus-transporte.jpg 1500w\" sizes=\"(max-width: 640px) 100vw, 1200px\" \/><\/span><\/div><\/div><\/div><\/div><\/div><div class=\"fusion-fullwidth fullwidth-box fusion-builder-row-11 fusion-flex-container nonhundred-percent-fullwidth non-hundred-percent-height-scrolling\" style=\"--awb-border-radius-top-left:0px;--awb-border-radius-top-right:0px;--awb-border-radius-bottom-right:0px;--awb-border-radius-bottom-left:0px;\" ><div class=\"fusion-builder-row fusion-row fusion-flex-align-items-flex-start\" style=\"max-width:1248px;margin-left: calc(-4% \/ 2 );margin-right: calc(-4% \/ 2 );\"><div class=\"fusion-layout-column fusion_builder_column fusion-builder-column-10 fusion_builder_column_1_1 1_1 fusion-flex-column\" style=\"--awb-bg-size:cover;--awb-width-large:100%;--awb-spacing-right-large:1.92%;--awb-spacing-left-large:1.92%;--awb-width-medium:100%;--awb-order-medium:0;--awb-spacing-right-medium:1.92%;--awb-spacing-left-medium:1.92%;--awb-width-small:100%;--awb-order-small:0;--awb-spacing-right-small:1.92%;--awb-spacing-left-small:1.92%;\"><div class=\"fusion-column-wrapper fusion-column-has-shadow fusion-flex-justify-content-flex-start fusion-content-layout-column\"><div class=\"fusion-separator fusion-full-width-sep\" style=\"align-self: center;margin-left: auto;margin-right: auto;margin-top:10%;width:100%;\"><\/div><\/div><\/div><\/div><\/div><div class=\"fusion-fullwidth fullwidth-box fusion-builder-row-12 fusion-flex-container nonhundred-percent-fullwidth non-hundred-percent-height-scrolling\" style=\"--awb-border-radius-top-left:0px;--awb-border-radius-top-right:0px;--awb-border-radius-bottom-right:0px;--awb-border-radius-bottom-left:0px;--awb-padding-right:30%;--awb-padding-left:30%;--awb-padding-right-small:10%;--awb-padding-left-small:10%;\" ><div class=\"fusion-builder-row fusion-row fusion-flex-align-items-flex-start\" style=\"max-width:1248px;margin-left: calc(-4% \/ 2 );margin-right: calc(-4% \/ 2 );\"><div class=\"fusion-layout-column fusion_builder_column fusion-builder-column-11 fusion_builder_column_1_1 1_1 fusion-flex-column\" style=\"--awb-bg-size:cover;--awb-width-large:100%;--awb-spacing-right-large:1.92%;--awb-spacing-left-large:1.92%;--awb-width-medium:100%;--awb-order-medium:0;--awb-spacing-right-medium:1.92%;--awb-spacing-left-medium:1.92%;--awb-width-small:100%;--awb-order-small:0;--awb-spacing-right-small:1.92%;--awb-spacing-left-small:1.92%;\"><div class=\"fusion-column-wrapper fusion-column-has-shadow fusion-flex-justify-content-flex-start fusion-content-layout-column\"><div class=\"fusion-title title fusion-title-5 fusion-sep-none fusion-title-text fusion-title-size-three\"><h3 class=\"title-heading-left fusion-responsive-typography-calculated\" style=\"margin:0;--fontSize:24;--minFontSize:24;line-height:1.3;\">Tanto el parque nacional como la reserva, son territorios por donde se ha reportado la presencia de ind\u00edgenas en aislamiento. \u00bfC\u00f3mo act\u00faa la reserva en el caso de avistamientos de ind\u00edgenas en aislamiento como los mashco piro?<\/h3><\/div><div class=\"fusion-text fusion-text-13\" style=\"--awb-text-transform:none;\"><p><em>En caso de avistamiento, reportamos al Ministerio de Cultura, pero tambi\u00e9n aplicamos el protocolo que nos ense\u00f1aron ellos, que consiste en retirarse y no buscar contacto. Si ellos nos contactan, debemos tener m\u00e1s cuidado, pero no ha ocurrido eso. Incluso hemos encontrado se\u00f1ales en donde se nota que no quieren que pasemos, entonces nos retiramos, nada m\u00e1s. Tambi\u00e9n, con el Mincul, nos apoyamos mutuamente en algunas salidas de monitoreo o vigilancia.<\/em><\/p>\n<\/div><div class=\"fusion-title title fusion-title-6 fusion-sep-none fusion-title-text fusion-title-size-three\"><h3 class=\"title-heading-left fusion-responsive-typography-calculated\" style=\"margin:0;--fontSize:24;--minFontSize:24;line-height:1.3;\">\u00bfPor qu\u00e9 es importante mirar no solo a la reserva comunal, al parque nacional o las reservas territoriales como territorios independientes sino como una especie de mosaico o corredor?<\/h3><\/div><div class=\"fusion-text fusion-text-14\" style=\"--awb-text-transform:none;\"><p><em>En verdad se trata de un corredor transfronterizo. En el lado brasile\u00f1o tenemos tambi\u00e9n \u00e1reas protegidas como territorios ind\u00edgenas, bosques protegidos o el Parque Chandless, la Reserva Chico Mendes, entre otras. Ah\u00ed tambi\u00e9n existe un mosaico que junto con las \u00e1reas protegidas del Per\u00fa arman un bloque gigante. Solo en Per\u00fa son unos cinco millones de hect\u00e1reas, y all\u00e1 suman unos ocho millones de hect\u00e1reas por donde transitan ind\u00edgenas en aislamiento y personas que viven en comunidades.<\/em><\/p>\n<\/div><div class=\"fusion-image-element \"><span class=\" fusion-imageframe imageframe-none imageframe-3 hover-type-none\"><img decoding=\"async\" width=\"1510\" height=\"1000\" title=\"Rafael-Pino-Purus\" src=\"https:\/\/www.actualidadambiental.pe\/mosaico-purus-manu\/wp-content\/uploads\/2021\/12\/Rafael-Pino-Purus.jpg\" alt class=\"img-responsive wp-image-348\" srcset=\"https:\/\/www.actualidadambiental.pe\/mosaico-purus-manu\/wp-content\/uploads\/2021\/12\/Rafael-Pino-Purus-200x132.jpg 200w, https:\/\/www.actualidadambiental.pe\/mosaico-purus-manu\/wp-content\/uploads\/2021\/12\/Rafael-Pino-Purus-400x265.jpg 400w, https:\/\/www.actualidadambiental.pe\/mosaico-purus-manu\/wp-content\/uploads\/2021\/12\/Rafael-Pino-Purus-600x397.jpg 600w, https:\/\/www.actualidadambiental.pe\/mosaico-purus-manu\/wp-content\/uploads\/2021\/12\/Rafael-Pino-Purus-800x530.jpg 800w, https:\/\/www.actualidadambiental.pe\/mosaico-purus-manu\/wp-content\/uploads\/2021\/12\/Rafael-Pino-Purus-1200x795.jpg 1200w, https:\/\/www.actualidadambiental.pe\/mosaico-purus-manu\/wp-content\/uploads\/2021\/12\/Rafael-Pino-Purus.jpg 1510w\" sizes=\"(max-width: 640px) 100vw, 1200px\" \/><\/span><\/div><div class=\"fusion-text fusion-text-15\" style=\"--awb-font-size:16px;--awb-text-transform:none;--awb-margin-top:10px;--awb-text-font-family:Arial, Helvetica, sans-serif;--awb-text-font-style:normal;--awb-text-font-weight:400;\"><p style=\"text-align: left;\">Rafael Pino, jefe de la Reserva Comunal Pur\u00fas.<\/p>\n<\/div><div class=\"fusion-text fusion-text-16\" style=\"--awb-text-transform:none;\"><p><em>Entonces, el desarrollo tanto de la provincia de Pur\u00fas, como de todo el mosaico, definitivamente no puede ser vista solo desde el punto de vista regional, sino de modo transfronterizo, considerando a ambos pa\u00edses. Me refiero a los aspectos social, econ\u00f3mico y cultural. Para ello tendr\u00edamos que tener mejores medios de comunicaci\u00f3n como el r\u00edo m\u00e1s limpio o habilitar una trocha carrozable que ya tiene el visto bueno del Sernanp, el que va de Puerto Esperanza a Santa Rosa do Purus en Brasil.<\/em><\/p>\n<\/div><div class=\"fusion-title title fusion-title-7 fusion-sep-none fusion-title-text fusion-title-size-three\"><h3 class=\"title-heading-left fusion-responsive-typography-calculated\" style=\"margin:0;--fontSize:24;--minFontSize:24;line-height:1.3;\">Uno de los problemas en Pur\u00fas es la conectividad telef\u00f3nica y de internet. \u00bfExiste un avance al respecto?<\/h3><\/div><div class=\"fusion-text fusion-text-17\" style=\"--awb-text-transform:none;\"><p><em>Existen antenas satelitales en el caso de internet, pero tambi\u00e9n existe un proyecto que ya va demorando unos cuatro a\u00f1os. El primer proyecto ten\u00eda que ver con la instalaci\u00f3n de varias antenas en la Amazon\u00eda, en el 2018. Luego vino otro proyecto m\u00e1s para instalar repetidoras; es decir, una principal aqu\u00ed en Puerto Esperanza y otras repetidoras alrededor. El Sernanp tambi\u00e9n ha dado una opini\u00f3n favorable y seguimos esperando. Estos servicios b\u00e1sicos brindar\u00edan las condiciones favorables para una comunidad tranquila.<\/em><\/p>\n<\/div><div class=\"fusion-title title fusion-title-8 fusion-sep-none fusion-title-text fusion-title-size-three\"><h3 class=\"title-heading-left fusion-responsive-typography-calculated\" style=\"margin:0;--fontSize:24;--minFontSize:24;line-height:1.3;\">\u00bfC\u00f3mo es el trabajo que se hace entre el Sernanp y las organizaciones aliadas?<\/h3><\/div><div class=\"fusion-text fusion-text-18\" style=\"--awb-text-transform:none;\"><p><em>Hay cosas positivas, como el financiamiento que hacen las ONG en casos puntuales frente a un problema o a proyectos que se planifican con tiempo, como por ejemplo en casos de patrullajes, viajes, capacitaciones, implementaci\u00f3n de equipos, entre otros. Todo ello ha ayudado mucho al desarrollo de las comunidades y la protecci\u00f3n de los territorios.<\/em><\/p>\n<\/div><div class=\"fusion-separator fusion-full-width-sep\" style=\"align-self: center;margin-left: auto;margin-right: auto;margin-top:10px;margin-bottom:10px;width:100%;\"><\/div><\/div><\/div><\/div><\/div><\/p>\n","protected":false},"excerpt":{"rendered":"<p>Pronto inicia un nuevo a\u00f1o y con \u00e9l vienen nuevos motivos para conectarse con la naturaleza, por ello (y porque hay que ser optimista) preparamos esta nota sobre 4 destinos que se pueden visitar en el mosaico Pur\u00fas Manu.<\/p>\n","protected":false},"author":1,"featured_media":319,"comment_status":"open","ping_status":"open","sticky":false,"template":"","format":"standard","meta":{"footnotes":""},"categories":[26,5],"tags":[],"class_list":["post-318","post","type-post","status-publish","format-standard","has-post-thumbnail","hentry","category-columna","category-notas"],"yoast_head":"<!-- This site is optimized with the Yoast SEO plugin v25.0 - https:\/\/yoast.com\/wordpress\/plugins\/seo\/ -->\n<title>Rafael Pino: \u201cCon las \u00e1reas protegidas se da seguridad a las familias\u201d - PUR\u00daS MANU<\/title>\n<meta name=\"robots\" content=\"index, follow, max-snippet:-1, max-image-preview:large, max-video-preview:-1\" \/>\n<link rel=\"canonical\" href=\"https:\/\/www.actualidadambiental.pe\/mosaico-purus-manu\/entrevista-rafael-pino\/\" \/>\n<meta property=\"og:locale\" content=\"es_ES\" \/>\n<meta property=\"og:type\" content=\"article\" \/>\n<meta property=\"og:title\" content=\"Rafael Pino: \u201cCon las \u00e1reas protegidas se da seguridad a las familias\u201d - PUR\u00daS MANU\" \/>\n<meta property=\"og:description\" content=\"Pronto inicia un nuevo a\u00f1o y con \u00e9l vienen nuevos motivos para conectarse con la naturaleza, por ello (y porque hay que ser optimista) preparamos esta nota sobre 4 destinos que se pueden visitar en el mosaico Pur\u00fas Manu.\" \/>\n<meta property=\"og:url\" content=\"https:\/\/www.actualidadambiental.pe\/mosaico-purus-manu\/entrevista-rafael-pino\/\" \/>\n<meta property=\"og:site_name\" content=\"PUR\u00daS MANU\" \/>\n<meta property=\"article:published_time\" content=\"2021-12-18T08:09:27+00:00\" \/>\n<meta property=\"article:modified_time\" content=\"2022-03-01T17:32:05+00:00\" \/>\n<meta property=\"og:image\" content=\"https:\/\/www.actualidadambiental.pe\/mosaico-purus-manu\/wp-content\/uploads\/2021\/12\/teparo-mano-tortuga-purus.jpg\" \/>\n\t<meta property=\"og:image:width\" content=\"1500\" \/>\n\t<meta property=\"og:image:height\" content=\"1000\" \/>\n\t<meta property=\"og:image:type\" content=\"image\/jpeg\" \/>\n<meta name=\"author\" content=\"reytuerto\" \/>\n<meta name=\"twitter:card\" content=\"summary_large_image\" \/>\n<meta name=\"twitter:label1\" content=\"Escrito por\" \/>\n\t<meta name=\"twitter:data1\" content=\"reytuerto\" \/>\n\t<meta name=\"twitter:label2\" content=\"Tiempo de lectura\" \/>\n\t<meta name=\"twitter:data2\" content=\"64 minutos\" \/>\n<script type=\"application\/ld+json\" class=\"yoast-schema-graph\">{\"@context\":\"https:\/\/schema.org\",\"@graph\":[{\"@type\":\"WebPage\",\"@id\":\"https:\/\/www.actualidadambiental.pe\/mosaico-purus-manu\/entrevista-rafael-pino\/\",\"url\":\"https:\/\/www.actualidadambiental.pe\/mosaico-purus-manu\/entrevista-rafael-pino\/\",\"name\":\"Rafael Pino: \u201cCon las \u00e1reas protegidas se da seguridad a las familias\u201d - PUR\u00daS MANU\",\"isPartOf\":{\"@id\":\"https:\/\/www.actualidadambiental.pe\/mosaico-purus-manu\/#website\"},\"primaryImageOfPage\":{\"@id\":\"https:\/\/www.actualidadambiental.pe\/mosaico-purus-manu\/entrevista-rafael-pino\/#primaryimage\"},\"image\":{\"@id\":\"https:\/\/www.actualidadambiental.pe\/mosaico-purus-manu\/entrevista-rafael-pino\/#primaryimage\"},\"thumbnailUrl\":\"https:\/\/www.actualidadambiental.pe\/mosaico-purus-manu\/wp-content\/uploads\/2021\/12\/teparo-mano-tortuga-purus.jpg\",\"datePublished\":\"2021-12-18T08:09:27+00:00\",\"dateModified\":\"2022-03-01T17:32:05+00:00\",\"author\":{\"@id\":\"https:\/\/www.actualidadambiental.pe\/mosaico-purus-manu\/#\/schema\/person\/2e25a6b3d0dff4063ebc64118d49150d\"},\"breadcrumb\":{\"@id\":\"https:\/\/www.actualidadambiental.pe\/mosaico-purus-manu\/entrevista-rafael-pino\/#breadcrumb\"},\"inLanguage\":\"es\",\"potentialAction\":[{\"@type\":\"ReadAction\",\"target\":[\"https:\/\/www.actualidadambiental.pe\/mosaico-purus-manu\/entrevista-rafael-pino\/\"]}]},{\"@type\":\"ImageObject\",\"inLanguage\":\"es\",\"@id\":\"https:\/\/www.actualidadambiental.pe\/mosaico-purus-manu\/entrevista-rafael-pino\/#primaryimage\",\"url\":\"https:\/\/www.actualidadambiental.pe\/mosaico-purus-manu\/wp-content\/uploads\/2021\/12\/teparo-mano-tortuga-purus.jpg\",\"contentUrl\":\"https:\/\/www.actualidadambiental.pe\/mosaico-purus-manu\/wp-content\/uploads\/2021\/12\/teparo-mano-tortuga-purus.jpg\",\"width\":1500,\"height\":1000},{\"@type\":\"BreadcrumbList\",\"@id\":\"https:\/\/www.actualidadambiental.pe\/mosaico-purus-manu\/entrevista-rafael-pino\/#breadcrumb\",\"itemListElement\":[{\"@type\":\"ListItem\",\"position\":1,\"name\":\"Portada\",\"item\":\"https:\/\/www.actualidadambiental.pe\/mosaico-purus-manu\/\"},{\"@type\":\"ListItem\",\"position\":2,\"name\":\"Rafael Pino: \u201cCon las \u00e1reas protegidas se da seguridad a las familias\u201d\"}]},{\"@type\":\"WebSite\",\"@id\":\"https:\/\/www.actualidadambiental.pe\/mosaico-purus-manu\/#website\",\"url\":\"https:\/\/www.actualidadambiental.pe\/mosaico-purus-manu\/\",\"name\":\"PUR\u00daS MANU\",\"description\":\"Historias desde el coraz\u00f3n del mosaico\",\"potentialAction\":[{\"@type\":\"SearchAction\",\"target\":{\"@type\":\"EntryPoint\",\"urlTemplate\":\"https:\/\/www.actualidadambiental.pe\/mosaico-purus-manu\/?s={search_term_string}\"},\"query-input\":{\"@type\":\"PropertyValueSpecification\",\"valueRequired\":true,\"valueName\":\"search_term_string\"}}],\"inLanguage\":\"es\"},{\"@type\":\"Person\",\"@id\":\"https:\/\/www.actualidadambiental.pe\/mosaico-purus-manu\/#\/schema\/person\/2e25a6b3d0dff4063ebc64118d49150d\",\"name\":\"reytuerto\",\"image\":{\"@type\":\"ImageObject\",\"inLanguage\":\"es\",\"@id\":\"https:\/\/www.actualidadambiental.pe\/mosaico-purus-manu\/#\/schema\/person\/image\/\",\"url\":\"https:\/\/secure.gravatar.com\/avatar\/d45f728170068a3455dc4b3c054092458ca3ce19c9e42c5ac429d35997b917b5?s=96&d=mm&r=g\",\"contentUrl\":\"https:\/\/secure.gravatar.com\/avatar\/d45f728170068a3455dc4b3c054092458ca3ce19c9e42c5ac429d35997b917b5?s=96&d=mm&r=g\",\"caption\":\"reytuerto\"},\"sameAs\":[\"https:\/\/moderam.net\/revistaweb\"],\"url\":\"https:\/\/www.actualidadambiental.pe\/mosaico-purus-manu\/author\/reytuerto\/\"}]}<\/script>\n<!-- \/ Yoast SEO plugin. -->","yoast_head_json":{"title":"Rafael Pino: \u201cCon las \u00e1reas protegidas se da seguridad a las familias\u201d - PUR\u00daS MANU","robots":{"index":"index","follow":"follow","max-snippet":"max-snippet:-1","max-image-preview":"max-image-preview:large","max-video-preview":"max-video-preview:-1"},"canonical":"https:\/\/www.actualidadambiental.pe\/mosaico-purus-manu\/entrevista-rafael-pino\/","og_locale":"es_ES","og_type":"article","og_title":"Rafael Pino: \u201cCon las \u00e1reas protegidas se da seguridad a las familias\u201d - PUR\u00daS MANU","og_description":"Pronto inicia un nuevo a\u00f1o y con \u00e9l vienen nuevos motivos para conectarse con la naturaleza, por ello (y porque hay que ser optimista) preparamos esta nota sobre 4 destinos que se pueden visitar en el mosaico Pur\u00fas Manu.","og_url":"https:\/\/www.actualidadambiental.pe\/mosaico-purus-manu\/entrevista-rafael-pino\/","og_site_name":"PUR\u00daS MANU","article_published_time":"2021-12-18T08:09:27+00:00","article_modified_time":"2022-03-01T17:32:05+00:00","og_image":[{"width":1500,"height":1000,"url":"https:\/\/www.actualidadambiental.pe\/mosaico-purus-manu\/wp-content\/uploads\/2021\/12\/teparo-mano-tortuga-purus.jpg","type":"image\/jpeg"}],"author":"reytuerto","twitter_card":"summary_large_image","twitter_misc":{"Escrito por":"reytuerto","Tiempo de lectura":"64 minutos"},"schema":{"@context":"https:\/\/schema.org","@graph":[{"@type":"WebPage","@id":"https:\/\/www.actualidadambiental.pe\/mosaico-purus-manu\/entrevista-rafael-pino\/","url":"https:\/\/www.actualidadambiental.pe\/mosaico-purus-manu\/entrevista-rafael-pino\/","name":"Rafael Pino: \u201cCon las \u00e1reas protegidas se da seguridad a las familias\u201d - PUR\u00daS MANU","isPartOf":{"@id":"https:\/\/www.actualidadambiental.pe\/mosaico-purus-manu\/#website"},"primaryImageOfPage":{"@id":"https:\/\/www.actualidadambiental.pe\/mosaico-purus-manu\/entrevista-rafael-pino\/#primaryimage"},"image":{"@id":"https:\/\/www.actualidadambiental.pe\/mosaico-purus-manu\/entrevista-rafael-pino\/#primaryimage"},"thumbnailUrl":"https:\/\/www.actualidadambiental.pe\/mosaico-purus-manu\/wp-content\/uploads\/2021\/12\/teparo-mano-tortuga-purus.jpg","datePublished":"2021-12-18T08:09:27+00:00","dateModified":"2022-03-01T17:32:05+00:00","author":{"@id":"https:\/\/www.actualidadambiental.pe\/mosaico-purus-manu\/#\/schema\/person\/2e25a6b3d0dff4063ebc64118d49150d"},"breadcrumb":{"@id":"https:\/\/www.actualidadambiental.pe\/mosaico-purus-manu\/entrevista-rafael-pino\/#breadcrumb"},"inLanguage":"es","potentialAction":[{"@type":"ReadAction","target":["https:\/\/www.actualidadambiental.pe\/mosaico-purus-manu\/entrevista-rafael-pino\/"]}]},{"@type":"ImageObject","inLanguage":"es","@id":"https:\/\/www.actualidadambiental.pe\/mosaico-purus-manu\/entrevista-rafael-pino\/#primaryimage","url":"https:\/\/www.actualidadambiental.pe\/mosaico-purus-manu\/wp-content\/uploads\/2021\/12\/teparo-mano-tortuga-purus.jpg","contentUrl":"https:\/\/www.actualidadambiental.pe\/mosaico-purus-manu\/wp-content\/uploads\/2021\/12\/teparo-mano-tortuga-purus.jpg","width":1500,"height":1000},{"@type":"BreadcrumbList","@id":"https:\/\/www.actualidadambiental.pe\/mosaico-purus-manu\/entrevista-rafael-pino\/#breadcrumb","itemListElement":[{"@type":"ListItem","position":1,"name":"Portada","item":"https:\/\/www.actualidadambiental.pe\/mosaico-purus-manu\/"},{"@type":"ListItem","position":2,"name":"Rafael Pino: \u201cCon las \u00e1reas protegidas se da seguridad a las familias\u201d"}]},{"@type":"WebSite","@id":"https:\/\/www.actualidadambiental.pe\/mosaico-purus-manu\/#website","url":"https:\/\/www.actualidadambiental.pe\/mosaico-purus-manu\/","name":"PUR\u00daS MANU","description":"Historias desde el coraz\u00f3n del mosaico","potentialAction":[{"@type":"SearchAction","target":{"@type":"EntryPoint","urlTemplate":"https:\/\/www.actualidadambiental.pe\/mosaico-purus-manu\/?s={search_term_string}"},"query-input":{"@type":"PropertyValueSpecification","valueRequired":true,"valueName":"search_term_string"}}],"inLanguage":"es"},{"@type":"Person","@id":"https:\/\/www.actualidadambiental.pe\/mosaico-purus-manu\/#\/schema\/person\/2e25a6b3d0dff4063ebc64118d49150d","name":"reytuerto","image":{"@type":"ImageObject","inLanguage":"es","@id":"https:\/\/www.actualidadambiental.pe\/mosaico-purus-manu\/#\/schema\/person\/image\/","url":"https:\/\/secure.gravatar.com\/avatar\/d45f728170068a3455dc4b3c054092458ca3ce19c9e42c5ac429d35997b917b5?s=96&d=mm&r=g","contentUrl":"https:\/\/secure.gravatar.com\/avatar\/d45f728170068a3455dc4b3c054092458ca3ce19c9e42c5ac429d35997b917b5?s=96&d=mm&r=g","caption":"reytuerto"},"sameAs":["https:\/\/moderam.net\/revistaweb"],"url":"https:\/\/www.actualidadambiental.pe\/mosaico-purus-manu\/author\/reytuerto\/"}]}},"_links":{"self":[{"href":"https:\/\/www.actualidadambiental.pe\/mosaico-purus-manu\/wp-json\/wp\/v2\/posts\/318","targetHints":{"allow":["GET"]}}],"collection":[{"href":"https:\/\/www.actualidadambiental.pe\/mosaico-purus-manu\/wp-json\/wp\/v2\/posts"}],"about":[{"href":"https:\/\/www.actualidadambiental.pe\/mosaico-purus-manu\/wp-json\/wp\/v2\/types\/post"}],"author":[{"embeddable":true,"href":"https:\/\/www.actualidadambiental.pe\/mosaico-purus-manu\/wp-json\/wp\/v2\/users\/1"}],"replies":[{"embeddable":true,"href":"https:\/\/www.actualidadambiental.pe\/mosaico-purus-manu\/wp-json\/wp\/v2\/comments?post=318"}],"version-history":[{"count":47,"href":"https:\/\/www.actualidadambiental.pe\/mosaico-purus-manu\/wp-json\/wp\/v2\/posts\/318\/revisions"}],"predecessor-version":[{"id":1040,"href":"https:\/\/www.actualidadambiental.pe\/mosaico-purus-manu\/wp-json\/wp\/v2\/posts\/318\/revisions\/1040"}],"wp:featuredmedia":[{"embeddable":true,"href":"https:\/\/www.actualidadambiental.pe\/mosaico-purus-manu\/wp-json\/wp\/v2\/media\/319"}],"wp:attachment":[{"href":"https:\/\/www.actualidadambiental.pe\/mosaico-purus-manu\/wp-json\/wp\/v2\/media?parent=318"}],"wp:term":[{"taxonomy":"category","embeddable":true,"href":"https:\/\/www.actualidadambiental.pe\/mosaico-purus-manu\/wp-json\/wp\/v2\/categories?post=318"},{"taxonomy":"post_tag","embeddable":true,"href":"https:\/\/www.actualidadambiental.pe\/mosaico-purus-manu\/wp-json\/wp\/v2\/tags?post=318"}],"curies":[{"name":"wp","href":"https:\/\/api.w.org\/{rel}","templated":true}]}}