{"id":122,"date":"2021-11-28T16:26:27","date_gmt":"2021-11-28T21:26:27","guid":{"rendered":"https:\/\/www.actualidadambiental.pe\/mosaico-purus-manu\/?p=122"},"modified":"2022-02-17T07:37:35","modified_gmt":"2022-02-17T12:37:35","slug":"aprovechamiento-sostenible-en-purus-el-huasai-fruto-ancestral-y-oportunidad-economica","status":"publish","type":"post","link":"https:\/\/www.actualidadambiental.pe\/mosaico-purus-manu\/aprovechamiento-sostenible-en-purus-el-huasai-fruto-ancestral-y-oportunidad-economica\/","title":{"rendered":"El huasa\u00ed: fruto ancestral y oportunidad econ\u00f3mica en Pur\u00fas"},"content":{"rendered":"<p><div class=\"fusion-fullwidth fullwidth-box fusion-builder-row-1 fusion-flex-container fusion-parallax-fixed nonhundred-percent-fullwidth hundred-percent-height hundred-percent-height-center-content non-hundred-percent-height-scrolling\" style=\"--awb-border-radius-top-left:0px;--awb-border-radius-top-right:0px;--awb-border-radius-bottom-right:0px;--awb-border-radius-bottom-left:0px;--awb-background-image:url(&quot;https:\/\/www.actualidadambiental.pe\/mosaico-purus-manu\/wp-content\/uploads\/2021\/11\/huasai-escalador-purus.jpg&quot;);--awb-background-size:cover;background-attachment:fixed;\" ><div class=\"fusion-builder-row fusion-row fusion-flex-align-items-flex-start\" style=\"max-width:1248px;margin-left: calc(-4% \/ 2 );margin-right: calc(-4% \/ 2 );\"><div class=\"fusion-layout-column fusion_builder_column fusion-builder-column-0 fusion_builder_column_1_1 1_1 fusion-flex-column\" style=\"--awb-bg-size:cover;--awb-width-large:100%;--awb-spacing-right-large:1.92%;--awb-spacing-left-large:1.92%;--awb-width-medium:100%;--awb-order-medium:0;--awb-spacing-right-medium:1.92%;--awb-spacing-left-medium:1.92%;--awb-width-small:100%;--awb-order-small:0;--awb-spacing-right-small:1.92%;--awb-spacing-left-small:1.92%;\"><div class=\"fusion-column-wrapper fusion-column-has-shadow fusion-flex-justify-content-flex-start fusion-content-layout-column\"><div class=\"fusion-separator fusion-full-width-sep\" style=\"align-self: center;margin-left: auto;margin-right: auto;margin-top:10%;width:100%;\"><\/div><div class=\"fusion-title title fusion-title-1 fusion-sep-none fusion-title-center fusion-title-text fusion-title-size-two\"><h2 class=\"title-heading-center fusion-responsive-typography-calculated\" style=\"margin:0;--fontSize:32;line-height:1.2;\">El huasa\u00ed: fruto ancestral y oportunidad econ\u00f3mica en Pur\u00fas<\/h2><\/div><div class=\"fusion-separator\" style=\"align-self: center;margin-left: auto;margin-right: auto;margin-top:30px;margin-bottom:40px;width:100%;max-width:20%;\"><div class=\"fusion-separator-border sep-single sep-solid\" style=\"border-color:#f1ebe1;border-top-width:10px;\"><\/div><\/div><div class=\"fusion-text fusion-text-1\" style=\"--awb-font-size:22px;--awb-text-transform:none;--awb-text-color:#ffffff;--awb-margin-right:16%;--awb-margin-left:16%;--awb-text-font-family:&quot;Oswald&quot;;--awb-text-font-style:normal;--awb-text-font-weight:500;\"><p>Gracias a una t\u00e9cnica de escalamiento, las comunidades dejaron de tumbar las palmeras para aprovechar este fruto amaz\u00f3nico que hoy  puede convertirse en diversos productos. <\/p>\n<\/div><\/div><\/div><\/div><\/div><div class=\"fusion-fullwidth fullwidth-box fusion-builder-row-2 fusion-flex-container nonhundred-percent-fullwidth non-hundred-percent-height-scrolling\" style=\"--awb-border-radius-top-left:0px;--awb-border-radius-top-right:0px;--awb-border-radius-bottom-right:0px;--awb-border-radius-bottom-left:0px;--awb-padding-right:30%;--awb-padding-left:30%;--awb-padding-right-small:10%;--awb-padding-left-small:10%;\" ><div class=\"fusion-builder-row fusion-row fusion-flex-align-items-flex-start\" style=\"max-width:1248px;margin-left: calc(-4% \/ 2 );margin-right: calc(-4% \/ 2 );\"><div class=\"fusion-layout-column fusion_builder_column fusion-builder-column-1 fusion_builder_column_1_1 1_1 fusion-flex-column\" style=\"--awb-bg-size:cover;--awb-width-large:100%;--awb-spacing-right-large:1.92%;--awb-spacing-left-large:1.92%;--awb-width-medium:100%;--awb-order-medium:0;--awb-spacing-right-medium:1.92%;--awb-spacing-left-medium:1.92%;--awb-width-small:100%;--awb-order-small:0;--awb-spacing-right-small:1.92%;--awb-spacing-left-small:1.92%;\"><div class=\"fusion-column-wrapper fusion-column-has-shadow fusion-flex-justify-content-flex-start fusion-content-layout-column\"><div class=\"fusion-separator fusion-full-width-sep\" style=\"align-self: center;margin-left: auto;margin-right: auto;margin-top:10px;margin-bottom:10px;width:100%;\"><\/div><div class=\"fusion-text fusion-text-2\" style=\"--awb-text-transform:none;\"><p>Tolentino Aladino vive en el jir\u00f3n Hormiga de la comunidad nativa Nuevo San Mart\u00edn, ubicada en la provincia de Pur\u00fas (Ucayali). Cuando \u00e9l y sus vecinos, todos ellos de la etnia huni kuin, salen a cultivar yuca, man\u00ed, sand\u00edas, papaya o pl\u00e1tanos, se dirigen al bosque uno detr\u00e1s del otro, tal como lo hacen las hormigas trabajadoras. Y, al igual que casi todas las comunidades de la Amazon\u00eda, tambi\u00e9n aprovechan otros recursos como la carne de monte, los peces y especialmente los frutos como el coco, el aguaje, y el huasa\u00ed.<\/p>\n<p>La comunidad se encuentra en la zona de amortiguamiento de la Reserva Comunal Pur\u00fas, y si bien el lugar es rico en recursos, tanto Tolentino como sus compa\u00f1eros saben que estos podr\u00edan acabarse si es que no son aprovechados de manera sostenible. Por ello, para consumir y proteger a la vez estos productos, trabajan de manera articulada con organismos del Estado como el Servicio Nacional de \u00c1reas Naturales Protegidas por el Estado (Sernanp) y sus aliados.<\/p>\n<p>En el caso del huasa\u00ed (<em>Euterpe precatoria<\/em>), por ejemplo, tienen a un fruto que ha sido aprovechado por siglos, pero no siempre de la mejor manera. Solo hace algunos a\u00f1os atr\u00e1s, para alcanzar los racimos, tumbaban la palmera y contribu\u00edan a la reducci\u00f3n dram\u00e1tica de esta especie. Sin embargo, esta pr\u00e1ctica ha cambiado y ahora este fruto ancestral est\u00e1 asegurando su permanencia y, adem\u00e1s, se ha convertido en una alternativa econ\u00f3mica.<\/p>\n<\/div><div class=\"fusion-text fusion-text-3\" style=\"--awb-font-size:44px;--awb-line-height:47px;--awb-text-transform:none;--awb-text-font-family:Georgia, serif;--awb-text-font-style:normal;--awb-text-font-weight:700;\"><p>Antes, para alcanzar los racimos de huasa\u00ed, tumbaban la palmera. Sin embargo, ahora han aprendido nuevas t\u00e9cnicas m\u00e1s sostenibles.<\/p>\n<\/div><div class=\"fusion-separator fusion-full-width-sep\" style=\"align-self: center;margin-left: auto;margin-right: auto;margin-top:10px;margin-bottom:10px;width:100%;\"><\/div><\/div><\/div><\/div><\/div><div class=\"fusion-fullwidth fullwidth-box fusion-builder-row-3 fusion-flex-container nonhundred-percent-fullwidth non-hundred-percent-height-scrolling\" style=\"--awb-border-radius-top-left:0px;--awb-border-radius-top-right:0px;--awb-border-radius-bottom-right:0px;--awb-border-radius-bottom-left:0px;\" ><div class=\"fusion-builder-row fusion-row fusion-flex-align-items-flex-start\" style=\"max-width:1248px;margin-left: calc(-4% \/ 2 );margin-right: calc(-4% \/ 2 );\"><div class=\"fusion-layout-column fusion_builder_column fusion-builder-column-2 fusion_builder_column_1_1 1_1 fusion-flex-column\" style=\"--awb-bg-size:cover;--awb-width-large:100%;--awb-spacing-right-large:1.92%;--awb-spacing-left-large:1.92%;--awb-width-medium:100%;--awb-order-medium:0;--awb-spacing-right-medium:1.92%;--awb-spacing-left-medium:1.92%;--awb-width-small:100%;--awb-order-small:0;--awb-spacing-right-small:1.92%;--awb-spacing-left-small:1.92%;\"><div class=\"fusion-column-wrapper fusion-column-has-shadow fusion-flex-justify-content-flex-start fusion-content-layout-column\"><div class=\"awb-gallery-wrapper awb-gallery-wrapper-1 button-span-no\"><div style=\"margin:-5px;--awb-bordersize:0px;\" class=\"fusion-gallery fusion-gallery-container fusion-grid-2 fusion-columns-total-2 fusion-gallery-layout-grid fusion-gallery-1\"><div style=\"padding:5px;\" class=\"fusion-grid-column fusion-gallery-column fusion-gallery-column-2 hover-type-none\"><div class=\"fusion-gallery-image\"><a href=\"https:\/\/www.actualidadambiental.pe\/mosaico-purus-manu\/wp-content\/uploads\/2021\/11\/nuevo-san-martin-purus.jpg\" rel=\"noreferrer\" data-rel=\"iLightbox[gallery_image_1]\" class=\"fusion-lightbox\" target=\"_self\"><img decoding=\"async\" src=\"https:\/\/www.actualidadambiental.pe\/mosaico-purus-manu\/wp-content\/uploads\/2021\/11\/nuevo-san-martin-purus.jpg\" width=\"1501\" height=\"1000\" alt=\"\" title=\"nuevo-san-martin-purus\" aria-label=\"nuevo-san-martin-purus\" class=\"img-responsive wp-image-421\" srcset=\"https:\/\/www.actualidadambiental.pe\/mosaico-purus-manu\/wp-content\/uploads\/2021\/11\/nuevo-san-martin-purus-200x133.jpg 200w, https:\/\/www.actualidadambiental.pe\/mosaico-purus-manu\/wp-content\/uploads\/2021\/11\/nuevo-san-martin-purus-400x266.jpg 400w, https:\/\/www.actualidadambiental.pe\/mosaico-purus-manu\/wp-content\/uploads\/2021\/11\/nuevo-san-martin-purus-600x400.jpg 600w, https:\/\/www.actualidadambiental.pe\/mosaico-purus-manu\/wp-content\/uploads\/2021\/11\/nuevo-san-martin-purus-800x533.jpg 800w, https:\/\/www.actualidadambiental.pe\/mosaico-purus-manu\/wp-content\/uploads\/2021\/11\/nuevo-san-martin-purus-1200x799.jpg 1200w, https:\/\/www.actualidadambiental.pe\/mosaico-purus-manu\/wp-content\/uploads\/2021\/11\/nuevo-san-martin-purus.jpg 1501w\" sizes=\"(min-width: 2200px) 100vw, (min-width: 712px) 598px, (min-width: 640px) 712px, \" \/><\/a><\/div><\/div><div style=\"padding:5px;\" class=\"fusion-grid-column fusion-gallery-column fusion-gallery-column-2 hover-type-none\"><div class=\"fusion-gallery-image\"><a href=\"https:\/\/www.actualidadambiental.pe\/mosaico-purus-manu\/wp-content\/uploads\/2021\/11\/huasai-purus.jpg\" rel=\"noreferrer\" data-rel=\"iLightbox[gallery_image_1]\" class=\"fusion-lightbox\" target=\"_self\"><img decoding=\"async\" src=\"https:\/\/www.actualidadambiental.pe\/mosaico-purus-manu\/wp-content\/uploads\/2021\/11\/huasai-purus.jpg\" width=\"1500\" height=\"1000\" alt=\"\" title=\"huasai-purus\" aria-label=\"huasai-purus\" class=\"img-responsive wp-image-420\" srcset=\"https:\/\/www.actualidadambiental.pe\/mosaico-purus-manu\/wp-content\/uploads\/2021\/11\/huasai-purus-200x133.jpg 200w, https:\/\/www.actualidadambiental.pe\/mosaico-purus-manu\/wp-content\/uploads\/2021\/11\/huasai-purus-400x267.jpg 400w, https:\/\/www.actualidadambiental.pe\/mosaico-purus-manu\/wp-content\/uploads\/2021\/11\/huasai-purus-600x400.jpg 600w, https:\/\/www.actualidadambiental.pe\/mosaico-purus-manu\/wp-content\/uploads\/2021\/11\/huasai-purus-800x533.jpg 800w, https:\/\/www.actualidadambiental.pe\/mosaico-purus-manu\/wp-content\/uploads\/2021\/11\/huasai-purus-1200x800.jpg 1200w, https:\/\/www.actualidadambiental.pe\/mosaico-purus-manu\/wp-content\/uploads\/2021\/11\/huasai-purus.jpg 1500w\" sizes=\"(min-width: 2200px) 100vw, (min-width: 712px) 598px, (min-width: 640px) 712px, \" \/><\/a><\/div><\/div><div class=\"clearfix\"><\/div><\/div><\/div><div class=\"fusion-text fusion-text-4\" style=\"--awb-font-size:16px;--awb-text-transform:none;--awb-margin-top:10px;--awb-text-font-family:Arial, Helvetica, sans-serif;--awb-text-font-style:normal;--awb-text-font-weight:400;\"><p>Izquierda: la comunidad nativa San Mart\u00edn desde el aire. Derecha: desayuno en casa de Tolentino, antes de la cosecha de huasa\u00ed.<\/p>\n<\/div><div class=\"fusion-separator fusion-full-width-sep\" style=\"align-self: center;margin-left: auto;margin-right: auto;margin-top:10px;margin-bottom:10px;width:100%;\"><\/div><div class=\"fusion-image-element \"><span class=\" fusion-imageframe imageframe-none imageframe-1 hover-type-none\"><img decoding=\"async\" width=\"1500\" height=\"1000\" title=\"Tolentino-purus\" src=\"https:\/\/www.actualidadambiental.pe\/mosaico-purus-manu\/wp-content\/uploads\/2021\/11\/Tolentino-purus.jpg\" alt class=\"img-responsive wp-image-422\" srcset=\"https:\/\/www.actualidadambiental.pe\/mosaico-purus-manu\/wp-content\/uploads\/2021\/11\/Tolentino-purus-200x133.jpg 200w, https:\/\/www.actualidadambiental.pe\/mosaico-purus-manu\/wp-content\/uploads\/2021\/11\/Tolentino-purus-400x267.jpg 400w, https:\/\/www.actualidadambiental.pe\/mosaico-purus-manu\/wp-content\/uploads\/2021\/11\/Tolentino-purus-600x400.jpg 600w, https:\/\/www.actualidadambiental.pe\/mosaico-purus-manu\/wp-content\/uploads\/2021\/11\/Tolentino-purus-800x533.jpg 800w, https:\/\/www.actualidadambiental.pe\/mosaico-purus-manu\/wp-content\/uploads\/2021\/11\/Tolentino-purus-1200x800.jpg 1200w, https:\/\/www.actualidadambiental.pe\/mosaico-purus-manu\/wp-content\/uploads\/2021\/11\/Tolentino-purus.jpg 1500w\" sizes=\"(max-width: 640px) 100vw, 1200px\" \/><\/span><\/div><div class=\"fusion-text fusion-text-5\" style=\"--awb-font-size:16px;--awb-text-transform:none;--awb-margin-top:10px;--awb-text-font-family:Arial, Helvetica, sans-serif;--awb-text-font-style:normal;--awb-text-font-weight:400;\"><p>Tolentino Aladino est\u00e1 convencido de que mientras aprovechen los recursos de manera sostenible, estos no se terminar\u00e1n y alcanzar\u00e1n para las futuras generaciones.<\/p>\n<\/div><div class=\"fusion-separator fusion-full-width-sep\" style=\"align-self: center;margin-left: auto;margin-right: auto;margin-top:10px;margin-bottom:10px;width:100%;\"><\/div><\/div><\/div><\/div><\/div><div class=\"fusion-fullwidth fullwidth-box fusion-builder-row-4 fusion-flex-container nonhundred-percent-fullwidth non-hundred-percent-height-scrolling\" style=\"--awb-border-radius-top-left:0px;--awb-border-radius-top-right:0px;--awb-border-radius-bottom-right:0px;--awb-border-radius-bottom-left:0px;--awb-padding-right:30%;--awb-padding-left:30%;--awb-padding-right-small:10%;--awb-padding-left-small:10%;\" ><div class=\"fusion-builder-row fusion-row fusion-flex-align-items-flex-start\" style=\"max-width:1248px;margin-left: calc(-4% \/ 2 );margin-right: calc(-4% \/ 2 );\"><div class=\"fusion-layout-column fusion_builder_column fusion-builder-column-3 fusion_builder_column_1_1 1_1 fusion-flex-column\" style=\"--awb-bg-size:cover;--awb-width-large:100%;--awb-spacing-right-large:1.92%;--awb-spacing-left-large:1.92%;--awb-width-medium:100%;--awb-order-medium:0;--awb-spacing-right-medium:1.92%;--awb-spacing-left-medium:1.92%;--awb-width-small:100%;--awb-order-small:0;--awb-spacing-right-small:1.92%;--awb-spacing-left-small:1.92%;\"><div class=\"fusion-column-wrapper fusion-column-has-shadow fusion-flex-justify-content-flex-start fusion-content-layout-column\"><div class=\"fusion-text fusion-text-6\" style=\"--awb-text-transform:none;\"><p>Entre 2017 y 2018, se realiz\u00f3 un diagn\u00f3stico del potencial productivo del huasai en el \u00e1mbito de 12 comunidades nativas de las etnias huni kuin, mashtanahua, madij\u00e1 y amahuaca. El proyecto cont\u00f3 con la colaboraci\u00f3n del Sernanp, Ecopur\u00fas y la Sociedad Zool\u00f3gica de Fr\u00e1ncfort (FZS), entidades que trabajaron con la Asociaci\u00f3n de Productores Agropecuarios de la Biodiversidad de San Mart\u00edn del Medio Pur\u00fas.<\/p>\n<p>El prop\u00f3sito de este trabajo en conjunto era determinar el potencial productivo del huasa\u00ed y crear una estrategia de aprovechamiento sostenible. En 2019, la asociaci\u00f3n recibi\u00f3 un donativo de sus aliados de proyecto: una m\u00e1quina despulpadora, una selladora y otros equipos que permitieron sacar provecho de la pulpa y producir otros derivados como el n\u00e9ctar y helados que fueron presentados en una feria amaz\u00f3nica de Loreto.<\/p>\n<p>Con este primer piloto, la asociaci\u00f3n postul\u00f3 y gan\u00f3 el concurso nacional \u201cEmprendedores por Naturaleza 2020\u201d del Programa para la Conservaci\u00f3n y Desarrollo Sostenible (PROCODES) e impulsado por Sernanp y Profonanpe.<\/p>\n<\/div><\/div><\/div><\/div><\/div><div class=\"fusion-fullwidth fullwidth-box fusion-builder-row-5 fusion-flex-container nonhundred-percent-fullwidth non-hundred-percent-height-scrolling\" style=\"--awb-border-radius-top-left:0px;--awb-border-radius-top-right:0px;--awb-border-radius-bottom-right:0px;--awb-border-radius-bottom-left:0px;--awb-padding-right:20%;--awb-padding-left:20%;\" ><div class=\"fusion-builder-row fusion-row fusion-flex-align-items-flex-start\" style=\"max-width:1248px;margin-left: calc(-4% \/ 2 );margin-right: calc(-4% \/ 2 );\"><div class=\"fusion-layout-column fusion_builder_column fusion-builder-column-4 fusion_builder_column_1_1 1_1 fusion-flex-column\" style=\"--awb-bg-size:cover;--awb-width-large:100%;--awb-spacing-right-large:1.92%;--awb-spacing-left-large:1.92%;--awb-width-medium:100%;--awb-order-medium:0;--awb-spacing-right-medium:1.92%;--awb-spacing-left-medium:1.92%;--awb-width-small:100%;--awb-order-small:0;--awb-spacing-right-small:1.92%;--awb-spacing-left-small:1.92%;\"><div class=\"fusion-column-wrapper fusion-column-has-shadow fusion-flex-justify-content-flex-start fusion-content-layout-column\"><div class=\"fusion-image-element \"><span class=\" fusion-imageframe imageframe-none imageframe-2 hover-type-none\"><img decoding=\"async\" width=\"1500\" height=\"1000\" title=\"huasai-palmera-purus\" src=\"https:\/\/www.actualidadambiental.pe\/mosaico-purus-manu\/wp-content\/uploads\/2021\/11\/huasai-palmera-purus.jpg\" alt class=\"img-responsive wp-image-423\" srcset=\"https:\/\/www.actualidadambiental.pe\/mosaico-purus-manu\/wp-content\/uploads\/2021\/11\/huasai-palmera-purus-200x133.jpg 200w, https:\/\/www.actualidadambiental.pe\/mosaico-purus-manu\/wp-content\/uploads\/2021\/11\/huasai-palmera-purus-400x267.jpg 400w, https:\/\/www.actualidadambiental.pe\/mosaico-purus-manu\/wp-content\/uploads\/2021\/11\/huasai-palmera-purus-600x400.jpg 600w, https:\/\/www.actualidadambiental.pe\/mosaico-purus-manu\/wp-content\/uploads\/2021\/11\/huasai-palmera-purus-800x533.jpg 800w, https:\/\/www.actualidadambiental.pe\/mosaico-purus-manu\/wp-content\/uploads\/2021\/11\/huasai-palmera-purus-1200x800.jpg 1200w, https:\/\/www.actualidadambiental.pe\/mosaico-purus-manu\/wp-content\/uploads\/2021\/11\/huasai-palmera-purus.jpg 1500w\" sizes=\"(max-width: 640px) 100vw, 1200px\" \/><\/span><\/div><div class=\"fusion-separator fusion-full-width-sep\" style=\"align-self: center;margin-left: auto;margin-right: auto;margin-top:10px;margin-bottom:10px;width:100%;\"><\/div><\/div><\/div><\/div><\/div><div class=\"fusion-fullwidth fullwidth-box fusion-builder-row-6 fusion-flex-container nonhundred-percent-fullwidth non-hundred-percent-height-scrolling\" style=\"--awb-border-radius-top-left:0px;--awb-border-radius-top-right:0px;--awb-border-radius-bottom-right:0px;--awb-border-radius-bottom-left:0px;--awb-padding-right:30%;--awb-padding-left:30%;--awb-padding-right-small:10%;--awb-padding-left-small:10%;\" ><div class=\"fusion-builder-row fusion-row fusion-flex-align-items-flex-start\" style=\"max-width:1248px;margin-left: calc(-4% \/ 2 );margin-right: calc(-4% \/ 2 );\"><div class=\"fusion-layout-column fusion_builder_column fusion-builder-column-5 fusion_builder_column_1_1 1_1 fusion-flex-column\" style=\"--awb-bg-size:cover;--awb-width-large:100%;--awb-spacing-right-large:1.92%;--awb-spacing-left-large:1.92%;--awb-width-medium:100%;--awb-order-medium:0;--awb-spacing-right-medium:1.92%;--awb-spacing-left-medium:1.92%;--awb-width-small:100%;--awb-order-small:0;--awb-spacing-right-small:1.92%;--awb-spacing-left-small:1.92%;\"><div class=\"fusion-column-wrapper fusion-column-has-shadow fusion-flex-justify-content-flex-start fusion-content-layout-column\"><div class=\"fusion-title title fusion-title-2 fusion-sep-none fusion-title-text fusion-title-size-three\"><h3 class=\"title-heading-left fusion-responsive-typography-calculated\" style=\"margin:0;--fontSize:24;--minFontSize:24;line-height:1.3;\">Aprovechamiento sostenible<\/h3><\/div><div class=\"fusion-text fusion-text-7\" style=\"--awb-text-transform:none;\"><p>El huasa\u00ed es una palmera amaz\u00f3nica que demora en crecer unos 10 o 12 a\u00f1os antes de dar frutos. Cuando tumbaban el \u00e1rbol, las comunidades que deseaban obtener nuevamente este fruto ten\u00edan que buscar las palmeras caminando largas distancias bosque adentro. Hoy esta realidad ha cambiado, ahora las poblaciones protegen este \u00e1rbol porque se ha convertido en una oportunidad econ\u00f3mica.<\/p>\n<p>Frank Flores, bi\u00f3logo de la Sociedad Zool\u00f3gica de Frankfurt, explica que esta palmera es natural de la Amazon\u00eda, y aunque se puede encontrar de manera silvestre, tambi\u00e9n se puede sembrar si es que se quiere producir a mayor escala.<\/p>\n<p>\u201cAnteriormente, en la Amazon\u00eda peruana el huasa\u00ed no era muy conocido como fruta, sino solo como un \u00e1rbol de donde se sacaba al chonta. En Brasil s\u00ed, todo lo relacionado a este fruto est\u00e1 m\u00e1s desarrollado\u201d, agrega el especialista.<\/p>\n<p>Para llegar a extraer este fruto, la poblaci\u00f3n de la zona trepa casi a la cima de unas palmeras que miden entre 15 y 25 metros. Con esta t\u00e9cnica se evita tumbar la palmera y se asegura una recolecci\u00f3n fija cada a\u00f1o.<\/p>\n<\/div><div class=\"fusion-text fusion-text-8\" style=\"--awb-text-transform:none;\"><p>Por cada \u00e1rbol se puede hallar hasta 4 racimos y de cada racimo se extraen de 8 a 10 kilos, dependiendo de cada \u00e1rbol. Con los frutos recolectados, la comunidad elabora pulpa de huasa\u00ed, mermelada y refrescos embotellados. La idea es elaborar m\u00e1s productos parecidos para poder obtener mayores ingresos econ\u00f3micos.<\/p>\n<p>\u201cAntes mis abuelos cortaban las palmeras porque no sab\u00edan escalar, pero al cortar los frutos se desparramaban y aprovechaban solo lo m\u00ednimo.<\/p>\n<p>Desde 2018 fuimos capacitados por especialistas de Brasil y desde ah\u00ed usamos esa t\u00e9cnica para cosechar los frutos\u201d, nos dice Tolentino Aladino.<\/p>\n<p>La t\u00e9cnica de escalamiento se ha extendido tambi\u00e9n hacia otras comunidades del Pur\u00fas, pero muchas a\u00fan necesitan apoyo para poder cosechar este fruto. \u201cNecesitamos herramientas para cosechadores, machetes, pretinas, para seguir aprovechando como ahora y no tumbar la palmera\u201d, se\u00f1ala Tolentino Aladino, quien es tambi\u00e9n un experto escalador y ahora uno de los principales defensores de esta palmera.<\/p>\n<\/div><\/div><\/div><\/div><\/div><div class=\"fusion-fullwidth fullwidth-box fusion-builder-row-7 fusion-flex-container nonhundred-percent-fullwidth non-hundred-percent-height-scrolling\" style=\"--awb-border-radius-top-left:0px;--awb-border-radius-top-right:0px;--awb-border-radius-bottom-right:0px;--awb-border-radius-bottom-left:0px;\" ><div class=\"fusion-builder-row fusion-row fusion-flex-align-items-flex-start\" style=\"max-width:1248px;margin-left: calc(-4% \/ 2 );margin-right: calc(-4% \/ 2 );\"><div class=\"fusion-layout-column fusion_builder_column fusion-builder-column-6 fusion_builder_column_1_1 1_1 fusion-flex-column\" style=\"--awb-bg-size:cover;--awb-width-large:100%;--awb-spacing-right-large:1.92%;--awb-spacing-left-large:1.92%;--awb-width-medium:100%;--awb-order-medium:0;--awb-spacing-right-medium:1.92%;--awb-spacing-left-medium:1.92%;--awb-width-small:100%;--awb-order-small:0;--awb-spacing-right-small:1.92%;--awb-spacing-left-small:1.92%;\"><div class=\"fusion-column-wrapper fusion-column-has-shadow fusion-flex-justify-content-flex-start fusion-content-layout-column\"><div class=\"awb-gallery-wrapper awb-gallery-wrapper-2 button-span-no\"><div style=\"margin:-5px;--awb-bordersize:0px;\" class=\"fusion-gallery fusion-gallery-container fusion-grid-2 fusion-columns-total-2 fusion-gallery-layout-grid fusion-gallery-2\"><div style=\"padding:5px;\" class=\"fusion-grid-column fusion-gallery-column fusion-gallery-column-2 hover-type-none\"><div class=\"fusion-gallery-image\"><a href=\"https:\/\/www.actualidadambiental.pe\/mosaico-purus-manu\/wp-content\/uploads\/2021\/11\/refresco-huasai-purus.jpg\" rel=\"noreferrer\" data-rel=\"iLightbox[gallery_image_2]\" class=\"fusion-lightbox\" target=\"_self\"><img decoding=\"async\" src=\"https:\/\/www.actualidadambiental.pe\/mosaico-purus-manu\/wp-content\/uploads\/2021\/11\/refresco-huasai-purus.jpg\" width=\"1500\" height=\"1000\" alt=\"\" title=\"refresco-huasai-purus\" aria-label=\"refresco-huasai-purus\" class=\"img-responsive wp-image-425\" srcset=\"https:\/\/www.actualidadambiental.pe\/mosaico-purus-manu\/wp-content\/uploads\/2021\/11\/refresco-huasai-purus-200x133.jpg 200w, https:\/\/www.actualidadambiental.pe\/mosaico-purus-manu\/wp-content\/uploads\/2021\/11\/refresco-huasai-purus-400x267.jpg 400w, https:\/\/www.actualidadambiental.pe\/mosaico-purus-manu\/wp-content\/uploads\/2021\/11\/refresco-huasai-purus-600x400.jpg 600w, https:\/\/www.actualidadambiental.pe\/mosaico-purus-manu\/wp-content\/uploads\/2021\/11\/refresco-huasai-purus-800x533.jpg 800w, https:\/\/www.actualidadambiental.pe\/mosaico-purus-manu\/wp-content\/uploads\/2021\/11\/refresco-huasai-purus-1200x800.jpg 1200w, https:\/\/www.actualidadambiental.pe\/mosaico-purus-manu\/wp-content\/uploads\/2021\/11\/refresco-huasai-purus.jpg 1500w\" sizes=\"(min-width: 2200px) 100vw, (min-width: 712px) 598px, (min-width: 640px) 712px, \" \/><\/a><\/div><\/div><div style=\"padding:5px;\" class=\"fusion-grid-column fusion-gallery-column fusion-gallery-column-2 hover-type-none\"><div class=\"fusion-gallery-image\"><a href=\"https:\/\/www.actualidadambiental.pe\/mosaico-purus-manu\/wp-content\/uploads\/2021\/11\/pulpa-huasai-purus.jpg\" rel=\"noreferrer\" data-rel=\"iLightbox[gallery_image_2]\" class=\"fusion-lightbox\" target=\"_self\"><img decoding=\"async\" src=\"https:\/\/www.actualidadambiental.pe\/mosaico-purus-manu\/wp-content\/uploads\/2021\/11\/pulpa-huasai-purus.jpg\" width=\"1500\" height=\"1000\" alt=\"\" title=\"pulpa-huasai-purus\" aria-label=\"pulpa-huasai-purus\" class=\"img-responsive wp-image-424\" srcset=\"https:\/\/www.actualidadambiental.pe\/mosaico-purus-manu\/wp-content\/uploads\/2021\/11\/pulpa-huasai-purus-200x133.jpg 200w, https:\/\/www.actualidadambiental.pe\/mosaico-purus-manu\/wp-content\/uploads\/2021\/11\/pulpa-huasai-purus-400x267.jpg 400w, https:\/\/www.actualidadambiental.pe\/mosaico-purus-manu\/wp-content\/uploads\/2021\/11\/pulpa-huasai-purus-600x400.jpg 600w, https:\/\/www.actualidadambiental.pe\/mosaico-purus-manu\/wp-content\/uploads\/2021\/11\/pulpa-huasai-purus-800x533.jpg 800w, https:\/\/www.actualidadambiental.pe\/mosaico-purus-manu\/wp-content\/uploads\/2021\/11\/pulpa-huasai-purus-1200x800.jpg 1200w, https:\/\/www.actualidadambiental.pe\/mosaico-purus-manu\/wp-content\/uploads\/2021\/11\/pulpa-huasai-purus.jpg 1500w\" sizes=\"(min-width: 2200px) 100vw, (min-width: 712px) 598px, (min-width: 640px) 712px, \" \/><\/a><\/div><\/div><div class=\"clearfix\"><\/div><\/div><\/div><div class=\"fusion-text fusion-text-9\" style=\"--awb-font-size:16px;--awb-text-transform:none;--awb-margin-top:10px;--awb-text-font-family:Arial, Helvetica, sans-serif;--awb-text-font-style:normal;--awb-text-font-weight:400;\"><p>Izquierda: bebidas hechas a base de huasa\u00ed. Derecha: pulpa congelada de este fruto que tambi\u00e9n se comercializa.<\/p>\n<\/div><\/div><\/div><\/div><\/div><div class=\"fusion-fullwidth fullwidth-box fusion-builder-row-8 fusion-flex-container nonhundred-percent-fullwidth non-hundred-percent-height-scrolling\" style=\"--awb-border-radius-top-left:0px;--awb-border-radius-top-right:0px;--awb-border-radius-bottom-right:0px;--awb-border-radius-bottom-left:0px;\" ><div class=\"fusion-builder-row fusion-row fusion-flex-align-items-flex-start\" style=\"max-width:1248px;margin-left: calc(-4% \/ 2 );margin-right: calc(-4% \/ 2 );\"><div class=\"fusion-layout-column fusion_builder_column fusion-builder-column-7 fusion_builder_column_1_1 1_1 fusion-flex-column\" style=\"--awb-bg-size:cover;--awb-width-large:100%;--awb-spacing-right-large:1.92%;--awb-spacing-left-large:1.92%;--awb-width-medium:100%;--awb-order-medium:0;--awb-spacing-right-medium:1.92%;--awb-spacing-left-medium:1.92%;--awb-width-small:100%;--awb-order-small:0;--awb-spacing-right-small:1.92%;--awb-spacing-left-small:1.92%;\"><div class=\"fusion-column-wrapper fusion-column-has-shadow fusion-flex-justify-content-flex-start fusion-content-layout-column\"><div class=\"fusion-title title fusion-title-3 fusion-sep-none fusion-title-text fusion-title-size-three\"><h3 class=\"title-heading-left fusion-responsive-typography-calculated\" style=\"margin:0;--fontSize:24;--minFontSize:24;line-height:1.3;\">Datos:<\/h3><\/div><ul style=\"--awb-line-height:27.2px;--awb-icon-width:27.2px;--awb-icon-height:27.2px;--awb-icon-margin:11.2px;--awb-content-margin:38.4px;--awb-circlecolor:#cccccc;--awb-circle-yes-font-size:14.08px;\" class=\"fusion-checklist fusion-checklist-1 fusion-checklist-default type-icons\"><li class=\"fusion-li-item\" style=\"\"><span class=\"icon-wrapper circle-yes\"><i class=\"fusion-li-icon awb-icon-check\" aria-hidden=\"true\"><\/i><\/span><div class=\"fusion-li-item-content\">La comunidad Nuevo San Mart\u00edn alberga a unas 30 familias de la etnia huni kuin o tambi\u00e9n llamada cashinahua.<\/div><\/li><li class=\"fusion-li-item\" style=\"\"><span class=\"icon-wrapper circle-yes\"><i class=\"fusion-li-icon awb-icon-check\" aria-hidden=\"true\"><\/i><\/span><div class=\"fusion-li-item-content\">En Pur\u00fas existen 47 comunidades de 7 etnias: cashinahua, sharanahuas, culinas, mastanahuas, ashaninkas, amahuacas y yines.<\/div><\/li><\/ul><div class=\"fusion-separator fusion-full-width-sep\" style=\"align-self: center;margin-left: auto;margin-right: auto;margin-top:60px;width:100%;\"><\/div><\/div><\/div><\/div><\/div><\/p>\n","protected":false},"excerpt":{"rendered":"<p>Gracias a una t\u00e9cnica de escalamiento, las comunidades dejaron de tumbar las palmeras para aprovechar este fruto amaz\u00f3nico que hoy  puede convertirse en diversos productos. <\/p>\n","protected":false},"author":1,"featured_media":418,"comment_status":"open","ping_status":"open","sticky":false,"template":"","format":"standard","meta":{"footnotes":""},"categories":[26,5],"tags":[],"class_list":["post-122","post","type-post","status-publish","format-standard","has-post-thumbnail","hentry","category-columna","category-notas"],"yoast_head":"<!-- This site is optimized with the Yoast SEO plugin v25.0 - https:\/\/yoast.com\/wordpress\/plugins\/seo\/ -->\n<title>El huasa\u00ed: fruto ancestral y oportunidad econ\u00f3mica en Pur\u00fas - PUR\u00daS MANU<\/title>\n<meta name=\"robots\" content=\"index, follow, max-snippet:-1, max-image-preview:large, max-video-preview:-1\" \/>\n<link rel=\"canonical\" href=\"https:\/\/www.actualidadambiental.pe\/mosaico-purus-manu\/aprovechamiento-sostenible-en-purus-el-huasai-fruto-ancestral-y-oportunidad-economica\/\" \/>\n<meta property=\"og:locale\" content=\"es_ES\" \/>\n<meta property=\"og:type\" content=\"article\" \/>\n<meta property=\"og:title\" content=\"El huasa\u00ed: fruto ancestral y oportunidad econ\u00f3mica en Pur\u00fas - PUR\u00daS MANU\" \/>\n<meta property=\"og:description\" content=\"Gracias a una t\u00e9cnica de escalamiento, las comunidades dejaron de tumbar las palmeras para aprovechar este fruto amaz\u00f3nico que hoy puede convertirse en diversos productos.\" \/>\n<meta property=\"og:url\" content=\"https:\/\/www.actualidadambiental.pe\/mosaico-purus-manu\/aprovechamiento-sostenible-en-purus-el-huasai-fruto-ancestral-y-oportunidad-economica\/\" \/>\n<meta property=\"og:site_name\" content=\"PUR\u00daS MANU\" \/>\n<meta property=\"article:published_time\" content=\"2021-11-28T21:26:27+00:00\" \/>\n<meta property=\"article:modified_time\" content=\"2022-02-17T12:37:35+00:00\" \/>\n<meta property=\"og:image\" content=\"https:\/\/www.actualidadambiental.pe\/mosaico-purus-manu\/wp-content\/uploads\/2021\/11\/huasai-escalador-purus.jpg\" \/>\n\t<meta property=\"og:image:width\" content=\"1623\" \/>\n\t<meta property=\"og:image:height\" content=\"1000\" \/>\n\t<meta property=\"og:image:type\" content=\"image\/jpeg\" \/>\n<meta name=\"author\" content=\"reytuerto\" \/>\n<meta name=\"twitter:card\" content=\"summary_large_image\" \/>\n<meta name=\"twitter:label1\" content=\"Escrito por\" \/>\n\t<meta name=\"twitter:data1\" content=\"reytuerto\" \/>\n\t<meta name=\"twitter:label2\" content=\"Tiempo de lectura\" \/>\n\t<meta name=\"twitter:data2\" content=\"39 minutos\" \/>\n<script type=\"application\/ld+json\" class=\"yoast-schema-graph\">{\"@context\":\"https:\/\/schema.org\",\"@graph\":[{\"@type\":\"WebPage\",\"@id\":\"https:\/\/www.actualidadambiental.pe\/mosaico-purus-manu\/aprovechamiento-sostenible-en-purus-el-huasai-fruto-ancestral-y-oportunidad-economica\/\",\"url\":\"https:\/\/www.actualidadambiental.pe\/mosaico-purus-manu\/aprovechamiento-sostenible-en-purus-el-huasai-fruto-ancestral-y-oportunidad-economica\/\",\"name\":\"El huasa\u00ed: fruto ancestral y oportunidad econ\u00f3mica en Pur\u00fas - PUR\u00daS MANU\",\"isPartOf\":{\"@id\":\"https:\/\/www.actualidadambiental.pe\/mosaico-purus-manu\/#website\"},\"primaryImageOfPage\":{\"@id\":\"https:\/\/www.actualidadambiental.pe\/mosaico-purus-manu\/aprovechamiento-sostenible-en-purus-el-huasai-fruto-ancestral-y-oportunidad-economica\/#primaryimage\"},\"image\":{\"@id\":\"https:\/\/www.actualidadambiental.pe\/mosaico-purus-manu\/aprovechamiento-sostenible-en-purus-el-huasai-fruto-ancestral-y-oportunidad-economica\/#primaryimage\"},\"thumbnailUrl\":\"https:\/\/www.actualidadambiental.pe\/mosaico-purus-manu\/wp-content\/uploads\/2021\/11\/huasai-escalador-purus.jpg\",\"datePublished\":\"2021-11-28T21:26:27+00:00\",\"dateModified\":\"2022-02-17T12:37:35+00:00\",\"author\":{\"@id\":\"https:\/\/www.actualidadambiental.pe\/mosaico-purus-manu\/#\/schema\/person\/2e25a6b3d0dff4063ebc64118d49150d\"},\"breadcrumb\":{\"@id\":\"https:\/\/www.actualidadambiental.pe\/mosaico-purus-manu\/aprovechamiento-sostenible-en-purus-el-huasai-fruto-ancestral-y-oportunidad-economica\/#breadcrumb\"},\"inLanguage\":\"es\",\"potentialAction\":[{\"@type\":\"ReadAction\",\"target\":[\"https:\/\/www.actualidadambiental.pe\/mosaico-purus-manu\/aprovechamiento-sostenible-en-purus-el-huasai-fruto-ancestral-y-oportunidad-economica\/\"]}]},{\"@type\":\"ImageObject\",\"inLanguage\":\"es\",\"@id\":\"https:\/\/www.actualidadambiental.pe\/mosaico-purus-manu\/aprovechamiento-sostenible-en-purus-el-huasai-fruto-ancestral-y-oportunidad-economica\/#primaryimage\",\"url\":\"https:\/\/www.actualidadambiental.pe\/mosaico-purus-manu\/wp-content\/uploads\/2021\/11\/huasai-escalador-purus.jpg\",\"contentUrl\":\"https:\/\/www.actualidadambiental.pe\/mosaico-purus-manu\/wp-content\/uploads\/2021\/11\/huasai-escalador-purus.jpg\",\"width\":1623,\"height\":1000},{\"@type\":\"BreadcrumbList\",\"@id\":\"https:\/\/www.actualidadambiental.pe\/mosaico-purus-manu\/aprovechamiento-sostenible-en-purus-el-huasai-fruto-ancestral-y-oportunidad-economica\/#breadcrumb\",\"itemListElement\":[{\"@type\":\"ListItem\",\"position\":1,\"name\":\"Portada\",\"item\":\"https:\/\/www.actualidadambiental.pe\/mosaico-purus-manu\/\"},{\"@type\":\"ListItem\",\"position\":2,\"name\":\"El huasa\u00ed: fruto ancestral y oportunidad econ\u00f3mica en Pur\u00fas\"}]},{\"@type\":\"WebSite\",\"@id\":\"https:\/\/www.actualidadambiental.pe\/mosaico-purus-manu\/#website\",\"url\":\"https:\/\/www.actualidadambiental.pe\/mosaico-purus-manu\/\",\"name\":\"PUR\u00daS MANU\",\"description\":\"Historias desde el coraz\u00f3n del mosaico\",\"potentialAction\":[{\"@type\":\"SearchAction\",\"target\":{\"@type\":\"EntryPoint\",\"urlTemplate\":\"https:\/\/www.actualidadambiental.pe\/mosaico-purus-manu\/?s={search_term_string}\"},\"query-input\":{\"@type\":\"PropertyValueSpecification\",\"valueRequired\":true,\"valueName\":\"search_term_string\"}}],\"inLanguage\":\"es\"},{\"@type\":\"Person\",\"@id\":\"https:\/\/www.actualidadambiental.pe\/mosaico-purus-manu\/#\/schema\/person\/2e25a6b3d0dff4063ebc64118d49150d\",\"name\":\"reytuerto\",\"image\":{\"@type\":\"ImageObject\",\"inLanguage\":\"es\",\"@id\":\"https:\/\/www.actualidadambiental.pe\/mosaico-purus-manu\/#\/schema\/person\/image\/\",\"url\":\"https:\/\/secure.gravatar.com\/avatar\/d45f728170068a3455dc4b3c054092458ca3ce19c9e42c5ac429d35997b917b5?s=96&d=mm&r=g\",\"contentUrl\":\"https:\/\/secure.gravatar.com\/avatar\/d45f728170068a3455dc4b3c054092458ca3ce19c9e42c5ac429d35997b917b5?s=96&d=mm&r=g\",\"caption\":\"reytuerto\"},\"sameAs\":[\"https:\/\/moderam.net\/revistaweb\"],\"url\":\"https:\/\/www.actualidadambiental.pe\/mosaico-purus-manu\/author\/reytuerto\/\"}]}<\/script>\n<!-- \/ Yoast SEO plugin. -->","yoast_head_json":{"title":"El huasa\u00ed: fruto ancestral y oportunidad econ\u00f3mica en Pur\u00fas - PUR\u00daS MANU","robots":{"index":"index","follow":"follow","max-snippet":"max-snippet:-1","max-image-preview":"max-image-preview:large","max-video-preview":"max-video-preview:-1"},"canonical":"https:\/\/www.actualidadambiental.pe\/mosaico-purus-manu\/aprovechamiento-sostenible-en-purus-el-huasai-fruto-ancestral-y-oportunidad-economica\/","og_locale":"es_ES","og_type":"article","og_title":"El huasa\u00ed: fruto ancestral y oportunidad econ\u00f3mica en Pur\u00fas - PUR\u00daS MANU","og_description":"Gracias a una t\u00e9cnica de escalamiento, las comunidades dejaron de tumbar las palmeras para aprovechar este fruto amaz\u00f3nico que hoy puede convertirse en diversos productos.","og_url":"https:\/\/www.actualidadambiental.pe\/mosaico-purus-manu\/aprovechamiento-sostenible-en-purus-el-huasai-fruto-ancestral-y-oportunidad-economica\/","og_site_name":"PUR\u00daS MANU","article_published_time":"2021-11-28T21:26:27+00:00","article_modified_time":"2022-02-17T12:37:35+00:00","og_image":[{"width":1623,"height":1000,"url":"https:\/\/www.actualidadambiental.pe\/mosaico-purus-manu\/wp-content\/uploads\/2021\/11\/huasai-escalador-purus.jpg","type":"image\/jpeg"}],"author":"reytuerto","twitter_card":"summary_large_image","twitter_misc":{"Escrito por":"reytuerto","Tiempo de lectura":"39 minutos"},"schema":{"@context":"https:\/\/schema.org","@graph":[{"@type":"WebPage","@id":"https:\/\/www.actualidadambiental.pe\/mosaico-purus-manu\/aprovechamiento-sostenible-en-purus-el-huasai-fruto-ancestral-y-oportunidad-economica\/","url":"https:\/\/www.actualidadambiental.pe\/mosaico-purus-manu\/aprovechamiento-sostenible-en-purus-el-huasai-fruto-ancestral-y-oportunidad-economica\/","name":"El huasa\u00ed: fruto ancestral y oportunidad econ\u00f3mica en Pur\u00fas - PUR\u00daS MANU","isPartOf":{"@id":"https:\/\/www.actualidadambiental.pe\/mosaico-purus-manu\/#website"},"primaryImageOfPage":{"@id":"https:\/\/www.actualidadambiental.pe\/mosaico-purus-manu\/aprovechamiento-sostenible-en-purus-el-huasai-fruto-ancestral-y-oportunidad-economica\/#primaryimage"},"image":{"@id":"https:\/\/www.actualidadambiental.pe\/mosaico-purus-manu\/aprovechamiento-sostenible-en-purus-el-huasai-fruto-ancestral-y-oportunidad-economica\/#primaryimage"},"thumbnailUrl":"https:\/\/www.actualidadambiental.pe\/mosaico-purus-manu\/wp-content\/uploads\/2021\/11\/huasai-escalador-purus.jpg","datePublished":"2021-11-28T21:26:27+00:00","dateModified":"2022-02-17T12:37:35+00:00","author":{"@id":"https:\/\/www.actualidadambiental.pe\/mosaico-purus-manu\/#\/schema\/person\/2e25a6b3d0dff4063ebc64118d49150d"},"breadcrumb":{"@id":"https:\/\/www.actualidadambiental.pe\/mosaico-purus-manu\/aprovechamiento-sostenible-en-purus-el-huasai-fruto-ancestral-y-oportunidad-economica\/#breadcrumb"},"inLanguage":"es","potentialAction":[{"@type":"ReadAction","target":["https:\/\/www.actualidadambiental.pe\/mosaico-purus-manu\/aprovechamiento-sostenible-en-purus-el-huasai-fruto-ancestral-y-oportunidad-economica\/"]}]},{"@type":"ImageObject","inLanguage":"es","@id":"https:\/\/www.actualidadambiental.pe\/mosaico-purus-manu\/aprovechamiento-sostenible-en-purus-el-huasai-fruto-ancestral-y-oportunidad-economica\/#primaryimage","url":"https:\/\/www.actualidadambiental.pe\/mosaico-purus-manu\/wp-content\/uploads\/2021\/11\/huasai-escalador-purus.jpg","contentUrl":"https:\/\/www.actualidadambiental.pe\/mosaico-purus-manu\/wp-content\/uploads\/2021\/11\/huasai-escalador-purus.jpg","width":1623,"height":1000},{"@type":"BreadcrumbList","@id":"https:\/\/www.actualidadambiental.pe\/mosaico-purus-manu\/aprovechamiento-sostenible-en-purus-el-huasai-fruto-ancestral-y-oportunidad-economica\/#breadcrumb","itemListElement":[{"@type":"ListItem","position":1,"name":"Portada","item":"https:\/\/www.actualidadambiental.pe\/mosaico-purus-manu\/"},{"@type":"ListItem","position":2,"name":"El huasa\u00ed: fruto ancestral y oportunidad econ\u00f3mica en Pur\u00fas"}]},{"@type":"WebSite","@id":"https:\/\/www.actualidadambiental.pe\/mosaico-purus-manu\/#website","url":"https:\/\/www.actualidadambiental.pe\/mosaico-purus-manu\/","name":"PUR\u00daS MANU","description":"Historias desde el coraz\u00f3n del mosaico","potentialAction":[{"@type":"SearchAction","target":{"@type":"EntryPoint","urlTemplate":"https:\/\/www.actualidadambiental.pe\/mosaico-purus-manu\/?s={search_term_string}"},"query-input":{"@type":"PropertyValueSpecification","valueRequired":true,"valueName":"search_term_string"}}],"inLanguage":"es"},{"@type":"Person","@id":"https:\/\/www.actualidadambiental.pe\/mosaico-purus-manu\/#\/schema\/person\/2e25a6b3d0dff4063ebc64118d49150d","name":"reytuerto","image":{"@type":"ImageObject","inLanguage":"es","@id":"https:\/\/www.actualidadambiental.pe\/mosaico-purus-manu\/#\/schema\/person\/image\/","url":"https:\/\/secure.gravatar.com\/avatar\/d45f728170068a3455dc4b3c054092458ca3ce19c9e42c5ac429d35997b917b5?s=96&d=mm&r=g","contentUrl":"https:\/\/secure.gravatar.com\/avatar\/d45f728170068a3455dc4b3c054092458ca3ce19c9e42c5ac429d35997b917b5?s=96&d=mm&r=g","caption":"reytuerto"},"sameAs":["https:\/\/moderam.net\/revistaweb"],"url":"https:\/\/www.actualidadambiental.pe\/mosaico-purus-manu\/author\/reytuerto\/"}]}},"_links":{"self":[{"href":"https:\/\/www.actualidadambiental.pe\/mosaico-purus-manu\/wp-json\/wp\/v2\/posts\/122","targetHints":{"allow":["GET"]}}],"collection":[{"href":"https:\/\/www.actualidadambiental.pe\/mosaico-purus-manu\/wp-json\/wp\/v2\/posts"}],"about":[{"href":"https:\/\/www.actualidadambiental.pe\/mosaico-purus-manu\/wp-json\/wp\/v2\/types\/post"}],"author":[{"embeddable":true,"href":"https:\/\/www.actualidadambiental.pe\/mosaico-purus-manu\/wp-json\/wp\/v2\/users\/1"}],"replies":[{"embeddable":true,"href":"https:\/\/www.actualidadambiental.pe\/mosaico-purus-manu\/wp-json\/wp\/v2\/comments?post=122"}],"version-history":[{"count":16,"href":"https:\/\/www.actualidadambiental.pe\/mosaico-purus-manu\/wp-json\/wp\/v2\/posts\/122\/revisions"}],"predecessor-version":[{"id":966,"href":"https:\/\/www.actualidadambiental.pe\/mosaico-purus-manu\/wp-json\/wp\/v2\/posts\/122\/revisions\/966"}],"wp:featuredmedia":[{"embeddable":true,"href":"https:\/\/www.actualidadambiental.pe\/mosaico-purus-manu\/wp-json\/wp\/v2\/media\/418"}],"wp:attachment":[{"href":"https:\/\/www.actualidadambiental.pe\/mosaico-purus-manu\/wp-json\/wp\/v2\/media?parent=122"}],"wp:term":[{"taxonomy":"category","embeddable":true,"href":"https:\/\/www.actualidadambiental.pe\/mosaico-purus-manu\/wp-json\/wp\/v2\/categories?post=122"},{"taxonomy":"post_tag","embeddable":true,"href":"https:\/\/www.actualidadambiental.pe\/mosaico-purus-manu\/wp-json\/wp\/v2\/tags?post=122"}],"curies":[{"name":"wp","href":"https:\/\/api.w.org\/{rel}","templated":true}]}}